{"id":2845,"date":"2026-09-04T20:02:37","date_gmt":"2026-09-04T20:02:37","guid":{"rendered":"https:\/\/mundocalidad.com\/?p=2845"},"modified":"2026-09-04T20:05:14","modified_gmt":"2026-09-04T20:05:14","slug":"reuniao-institucional-em-santo-andre-fortalece-a-presenca-da-novaveritas-no-brasil","status":"publish","type":"post","link":"https:\/\/mundocalidad.com\/index.php\/2026\/09\/04\/reuniao-institucional-em-santo-andre-fortalece-a-presenca-da-novaveritas-no-brasil\/","title":{"rendered":"Reuni\u00e3o institucional em Santo Andr\u00e9 fortalece a presen\u00e7a da Novaveritas no Brasil"},"content":{"rendered":"\n<p class=\"wp-block-paragraph\"><strong>Representantes da Novaveritas Certifica\u00e7\u00f5es Holding, de sua filial brasileira Novacertis Sociedades Ltda. e da empresa Legalize Seven Solu\u00e7\u00f5es Societ\u00e1rias Ltda. participaram de uma reuni\u00e3o de trabalho em Santo Andr\u00e9, Brasil, com foco no fortalecimento da estrutura e das opera\u00e7\u00f5es do grupo no pa\u00eds.<\/strong><\/p>\n\n\n\n<p class=\"wp-block-paragraph\">No dia <strong>4 de novembro de 2026<\/strong>, na cidade de <strong>Santo Andr\u00e9, Estado de S\u00e3o Paulo<\/strong>, foi realizada uma reuni\u00e3o institucional entre representantes da <strong>Novaveritas Certifica\u00e7\u00f5es Holding<\/strong>, da filial brasileira <strong><a href=\"https:\/\/novacertis.com.b\" target=\"_blank\" rel=\"noopener\">Novacertis Sociedades Ltda<\/a>.<\/strong> e da empresa <strong><a href=\"https:\/\/legalizeseven.com.br\/\" target=\"_blank\" rel=\"noopener\">Legalize Seven Solu\u00e7\u00f5es Societ\u00e1rias Ltda<\/a>.<\/strong><\/p>\n\n\n\n<p class=\"wp-block-paragraph\">O encontro fez parte das a\u00e7\u00f5es de coordena\u00e7\u00e3o e fortalecimento da presen\u00e7a institucional da Novaveritas no Brasil, reunindo representantes e executivos envolvidos no desenvolvimento das opera\u00e7\u00f5es da organiza\u00e7\u00e3o no mercado brasileiro.<\/p>\n\n\n\n<p class=\"wp-block-paragraph\">Pela equipe do Brasil, participaram <strong>Arthur Oliveira<\/strong>, representante da <strong>Novacertis Sociedades Ltda.<\/strong>, juntamente com os executivos <strong>Victor Arruda<\/strong> e <strong>Jefferson Cruz<\/strong>.<\/p>\n\n\n\n<p class=\"wp-block-paragraph\">Tamb\u00e9m estiveram presentes <strong>Valeria Portillo<\/strong>, representante legal da <strong><a href=\"https:\/\/novaveritas.org\/\" target=\"_blank\" rel=\"noopener\">Novaveritas S.A.<\/a> no Paraguai<\/strong>, e o <strong>Eng. Agust\u00edn Martos<\/strong>, <strong>Senior Vice-Presidente da Novaveritas Certifica\u00e7\u00f5es Holding<\/strong>, representando a estrutura regional do grupo.<\/p>\n\n\n\n<p class=\"wp-block-paragraph\">A reuni\u00e3o permitiu abordar temas relacionados \u00e0 coordena\u00e7\u00e3o institucional, ao desenvolvimento das atividades no Brasil e \u00e0s linhas de trabalho necess\u00e1rias para acompanhar o crescimento e a consolida\u00e7\u00e3o das opera\u00e7\u00f5es locais.<\/p>\n\n\n\n<div class=\"wp-block-group is-nowrap is-layout-flex wp-container-core-group-is-layout-7387b849 wp-block-group-is-layout-flex\">\n<figure class=\"wp-block-image alignleft size-full\"><img loading=\"lazy\" decoding=\"async\" width=\"800\" height=\"600\" src=\"https:\/\/mundocalidad.com\/wp-content\/uploads\/2026\/09\/brasil_novacertis.png\" alt=\"\" class=\"wp-image-2848\" srcset=\"https:\/\/mundocalidad.com\/wp-content\/uploads\/2026\/09\/brasil_novacertis.png 800w, https:\/\/mundocalidad.com\/wp-content\/uploads\/2026\/09\/brasil_novacertis-300x225.png 300w, https:\/\/mundocalidad.com\/wp-content\/uploads\/2026\/09\/brasil_novacertis-768x576.png 768w\" sizes=\"auto, (max-width: 800px) 100vw, 800px\" \/><\/figure>\n\n\n\n<p class=\"wp-block-paragraph\">A participa\u00e7\u00e3o conjunta de representantes do Paraguai e do Brasil demonstra o processo de integra\u00e7\u00e3o regional que vem sendo desenvolvido pela <strong>Novaveritas Certifica\u00e7\u00f5es Holding<\/strong>, com o objetivo de fortalecer sua capacidade operacional, gerar novas oportunidades de coopera\u00e7\u00e3o e ampliar progressivamente sua presen\u00e7a no mercado brasileiro.<\/p>\n<\/div>\n\n\n\n<p class=\"wp-block-paragraph\">Para a <strong>Novaveritas Certifica\u00e7\u00f5es Holding<\/strong>, o Brasil representa um mercado estrat\u00e9gico dentro de seu processo de expans\u00e3o regional, especialmente pela dimens\u00e3o e diversidade de seu setor empresarial e pela crescente demanda por servi\u00e7os relacionados a sistemas de gest\u00e3o, avalia\u00e7\u00e3o da conformidade, auditoria e certifica\u00e7\u00e3o.<\/p>\n\n\n\n<p class=\"wp-block-paragraph\">O encontro realizado em Santo Andr\u00e9 representa, assim, mais um passo no fortalecimento da estrutura brasileira do grupo e na constru\u00e7\u00e3o de uma opera\u00e7\u00e3o cada vez mais integrada entre suas diferentes representa\u00e7\u00f5es na regi\u00e3o.<\/p>\n\n\n\n<p class=\"wp-block-paragraph\"><strong>Mundo Qualidade<\/strong> seguir\u00e1 acompanhando iniciativas empresariais e profissionais ligadas ao desenvolvimento da qualidade, da certifica\u00e7\u00e3o e dos sistemas de gest\u00e3o na Am\u00e9rica Latina.<\/p>\n","protected":false},"excerpt":{"rendered":"<p>Representantes da Novaveritas Certifica\u00e7\u00f5es Holding, de sua filial brasileira Novacertis Sociedades Ltda. e da empresa Legalize Seven Solu\u00e7\u00f5es<\/p>\n","protected":false},"author":3,"featured_media":2846,"comment_status":"open","ping_status":"open","sticky":false,"template":"","format":"standard","meta":{"footnotes":""},"categories":[1136,8,9],"tags":[1137,65],"class_list":["post-2845","post","type-post","status-publish","format-standard","has-post-thumbnail","hentry","category-brasil","category-certificacion","category-empresas","tag-holding","tag-iso"],"_links":{"self":[{"href":"https:\/\/mundocalidad.com\/index.php\/wp-json\/wp\/v2\/posts\/2845","targetHints":{"allow":["GET"]}}],"collection":[{"href":"https:\/\/mundocalidad.com\/index.php\/wp-json\/wp\/v2\/posts"}],"about":[{"href":"https:\/\/mundocalidad.com\/index.php\/wp-json\/wp\/v2\/types\/post"}],"author":[{"embeddable":true,"href":"https:\/\/mundocalidad.com\/index.php\/wp-json\/wp\/v2\/users\/3"}],"replies":[{"embeddable":true,"href":"https:\/\/mundocalidad.com\/index.php\/wp-json\/wp\/v2\/comments?post=2845"}],"version-history":[{"count":2,"href":"https:\/\/mundocalidad.com\/index.php\/wp-json\/wp\/v2\/posts\/2845\/revisions"}],"predecessor-version":[{"id":2849,"href":"https:\/\/mundocalidad.com\/index.php\/wp-json\/wp\/v2\/posts\/2845\/revisions\/2849"}],"wp:featuredmedia":[{"embeddable":true,"href":"https:\/\/mundocalidad.com\/index.php\/wp-json\/wp\/v2\/media\/2846"}],"wp:attachment":[{"href":"https:\/\/mundocalidad.com\/index.php\/wp-json\/wp\/v2\/media?parent=2845"}],"wp:term":[{"taxonomy":"category","embeddable":true,"href":"https:\/\/mundocalidad.com\/index.php\/wp-json\/wp\/v2\/categories?post=2845"},{"taxonomy":"post_tag","embeddable":true,"href":"https:\/\/mundocalidad.com\/index.php\/wp-json\/wp\/v2\/tags?post=2845"}],"curies":[{"name":"wp","href":"https:\/\/api.w.org\/{rel}","templated":true}]}}