{"id":2239,"date":"2026-04-30T08:25:00","date_gmt":"2026-04-30T08:25:00","guid":{"rendered":"https:\/\/mundocalidad.com\/?p=2239"},"modified":"2026-04-29T21:30:20","modified_gmt":"2026-04-29T21:30:20","slug":"energia-innovacion-y-futuro-lanzamiento-del-simposio-internacional-de-energias-renovables-en-la-ucsa","status":"publish","type":"post","link":"https:\/\/mundocalidad.com\/index.php\/2026\/04\/30\/energia-innovacion-y-futuro-lanzamiento-del-simposio-internacional-de-energias-renovables-en-la-ucsa\/","title":{"rendered":"Energ\u00eda, innovaci\u00f3n y futuro: lanzamiento del Simposio Internacional de Energ\u00edas Renovables en la UCSA"},"content":{"rendered":"\n<p>La Universidad del Cono Sur de las Am\u00e9ricas fue sede del lanzamiento del <strong>Simposio Internacional de Energ\u00edas Renovables<\/strong>, un evento que reuni\u00f3 a referentes del sector energ\u00e9tico, acad\u00e9mico y tecnol\u00f3gico en un espacio orientado al an\u00e1lisis del presente y futuro de las energ\u00edas limpias en Paraguay.<\/p>\n\n\n\n<p>La jornada se destac\u00f3 por su enfoque pr\u00e1ctico y t\u00e9cnico, donde no solo se abordaron tendencias globales, sino tambi\u00e9n la realidad local, los desaf\u00edos estructurales y las oportunidades de crecimiento en el pa\u00eds.<\/p>\n\n\n\n<figure class=\"wp-block-gallery has-nested-images columns-default is-cropped wp-block-gallery-1 is-layout-flex wp-block-gallery-is-layout-flex\">\n<figure class=\"wp-block-image size-large\"><img loading=\"lazy\" decoding=\"async\" width=\"560\" height=\"560\" data-id=\"2242\" src=\"https:\/\/mundocalidad.com\/wp-content\/uploads\/2026\/04\/Captura-de-pantalla-2026-04-29-180952-edited.png\" alt=\"\" class=\"wp-image-2242\" srcset=\"https:\/\/mundocalidad.com\/wp-content\/uploads\/2026\/04\/Captura-de-pantalla-2026-04-29-180952-edited.png 560w, https:\/\/mundocalidad.com\/wp-content\/uploads\/2026\/04\/Captura-de-pantalla-2026-04-29-180952-edited-300x300.png 300w, https:\/\/mundocalidad.com\/wp-content\/uploads\/2026\/04\/Captura-de-pantalla-2026-04-29-180952-edited-150x150.png 150w\" sizes=\"auto, (max-width: 560px) 100vw, 560px\" \/><\/figure>\n<\/figure>\n\n\n\n<hr class=\"wp-block-separator has-alpha-channel-opacity\"\/>\n\n\n\n<h3 class=\"wp-block-heading\">\ud83c\udfa4 Conferencias y enfoque t\u00e9cnico<\/h3>\n\n\n\n<p>El Ing. Gianyacomo Zucchini dio apertura al bloque de presentaciones con una visi\u00f3n estrat\u00e9gica sobre el desarrollo de las energ\u00edas renovables, resaltando la necesidad de inversi\u00f3n, planificaci\u00f3n y formaci\u00f3n t\u00e9cnica para sostener el crecimiento del sector.<\/p>\n\n\n\n<p>En la misma l\u00ednea, el Ing. Bruno Sanabria present\u00f3 su charla sobre <strong>\u201cAplicaciones de los convertidores de potencia en energ\u00edas renovables\u201d<\/strong>, donde abord\u00f3 el contexto actual del pa\u00eds, la eficiencia energ\u00e9tica y el rol clave de estas tecnolog\u00edas en la integraci\u00f3n de nuevas fuentes de energ\u00eda.<\/p>\n\n\n\n<p>Durante la entrevista con <em>Mundo Calidad<\/em>, destac\u00f3 los avances regulatorios y el impacto de los incentivos actuales:<\/p>\n\n\n\n<blockquote class=\"wp-block-quote is-layout-flow wp-block-quote-is-layout-flow\">\n<p>\u201cHoy existen facilidades importantes, como beneficios tributarios y reducci\u00f3n de costos para importar tecnolog\u00eda, lo que permite que m\u00e1s empresas comiencen a apostar por energ\u00edas renovables\u201d.<\/p>\n<\/blockquote>\n\n\n\n<p>Adem\u00e1s, explic\u00f3 que si bien la energ\u00eda e\u00f3lica a\u00fan enfrenta barreras por sus altos costos iniciales, la energ\u00eda solar se presenta como una alternativa m\u00e1s accesible y de r\u00e1pida implementaci\u00f3n en el corto plazo.<\/p>\n\n\n\n<hr class=\"wp-block-separator has-alpha-channel-opacity\"\/>\n\n\n\n<h3 class=\"wp-block-heading\">\ud83d\ude97 Movilidad el\u00e9ctrica: entre el avance y los desaf\u00edos<\/h3>\n\n\n\n<p>En el bloque de movilidad el\u00e9ctrica, Paola Maidana y Cristian Medina desarrollaron el tema <strong>\u201cControl aplicado a la movilidad el\u00e9ctrica\u201d<\/strong>, centrado en los sistemas de control que determinan el comportamiento din\u00e1mico de los veh\u00edculos el\u00e9ctricos.<\/p>\n\n\n\n<p>El Ing. Medina explic\u00f3 que el control del par es un elemento clave para garantizar aspectos como la seguridad, la aceleraci\u00f3n y el confort en este tipo de tecnolog\u00edas .<\/p>\n\n\n\n<p>Durante su entrevista con <em>Mundo Calidad<\/em>, tambi\u00e9n se\u00f1al\u00f3 que el principal desaf\u00edo en Paraguay radica en la infraestructura energ\u00e9tica:<\/p>\n\n\n\n<blockquote class=\"wp-block-quote is-layout-flow wp-block-quote-is-layout-flow\">\n<p>El crecimiento de la movilidad el\u00e9ctrica no depende solo de los veh\u00edculos, sino de la capacidad de la red, la transmisi\u00f3n de energ\u00eda y la gesti\u00f3n de los picos de consumo.<\/p>\n<\/blockquote>\n\n\n\n<p>Asimismo, destac\u00f3 que los veh\u00edculos h\u00edbridos representan una etapa de transici\u00f3n hacia modelos totalmente el\u00e9ctricos, y que el desarrollo de estaciones de carga ser\u00e1 determinante para consolidar este cambio en los pr\u00f3ximos a\u00f1os.<\/p>\n\n\n\n<hr class=\"wp-block-separator has-alpha-channel-opacity\"\/>\n\n\n\n<h3 class=\"wp-block-heading\">\ud83c\udf0d Un paso firme hacia la transici\u00f3n energ\u00e9tica<\/h3>\n\n\n\n<p>El lanzamiento de este simposio refleja el creciente inter\u00e9s y compromiso del sector acad\u00e9mico y profesional con el desarrollo de energ\u00edas sostenibles en Paraguay.<\/p>\n\n\n\n<p>Este tipo de iniciativas no solo promueven el conocimiento t\u00e9cnico, sino que tambi\u00e9n generan un espacio de di\u00e1logo necesario para avanzar hacia un modelo energ\u00e9tico m\u00e1s eficiente, moderno y alineado con las tendencias globales.<\/p>\n\n\n\n<p>Desde <em>Mundo Calidad<\/em>, la cobertura de estos eventos reafirma la importancia de acercar la innovaci\u00f3n y la calidad al desarrollo empresarial y tecnol\u00f3gico del pa\u00eds.<\/p>\n\n\n\n<hr class=\"wp-block-separator has-alpha-channel-opacity\"\/>\n\n\n\n<p>\ud83d\udccc <strong>El simposio se desarrolla el d\u00eda de hoy y contin\u00faa ma\u00f1ana, en el horario de 09:00 a 16:00, invitando a estudiantes, profesionales y p\u00fablico en general a participar de las distintas charlas y actividades programadas.<\/strong><\/p>\n","protected":false},"excerpt":{"rendered":"<p>La Universidad del Cono Sur de las Am\u00e9ricas fue sede del lanzamiento del Simposio Internacional de Energ\u00edas Renovables,<\/p>\n","protected":false},"author":2,"featured_media":0,"comment_status":"open","ping_status":"open","sticky":false,"template":"","format":"standard","meta":{"footnotes":""},"categories":[1],"tags":[854,124,906,65,453,114,29],"class_list":["post-2239","post","type-post","status-publish","format-standard","hentry","category-calidad","tag-854","tag-calidad","tag-energia-renovable","tag-iso","tag-mejora","tag-seguridad","tag-social"],"_links":{"self":[{"href":"https:\/\/mundocalidad.com\/index.php\/wp-json\/wp\/v2\/posts\/2239","targetHints":{"allow":["GET"]}}],"collection":[{"href":"https:\/\/mundocalidad.com\/index.php\/wp-json\/wp\/v2\/posts"}],"about":[{"href":"https:\/\/mundocalidad.com\/index.php\/wp-json\/wp\/v2\/types\/post"}],"author":[{"embeddable":true,"href":"https:\/\/mundocalidad.com\/index.php\/wp-json\/wp\/v2\/users\/2"}],"replies":[{"embeddable":true,"href":"https:\/\/mundocalidad.com\/index.php\/wp-json\/wp\/v2\/comments?post=2239"}],"version-history":[{"count":1,"href":"https:\/\/mundocalidad.com\/index.php\/wp-json\/wp\/v2\/posts\/2239\/revisions"}],"predecessor-version":[{"id":2257,"href":"https:\/\/mundocalidad.com\/index.php\/wp-json\/wp\/v2\/posts\/2239\/revisions\/2257"}],"wp:attachment":[{"href":"https:\/\/mundocalidad.com\/index.php\/wp-json\/wp\/v2\/media?parent=2239"}],"wp:term":[{"taxonomy":"category","embeddable":true,"href":"https:\/\/mundocalidad.com\/index.php\/wp-json\/wp\/v2\/categories?post=2239"},{"taxonomy":"post_tag","embeddable":true,"href":"https:\/\/mundocalidad.com\/index.php\/wp-json\/wp\/v2\/tags?post=2239"}],"curies":[{"name":"wp","href":"https:\/\/api.w.org\/{rel}","templated":true}]}}