{"id":2211,"date":"2026-04-28T14:30:00","date_gmt":"2026-04-28T14:30:00","guid":{"rendered":"https:\/\/mundocalidad.com\/?p=2211"},"modified":"2026-04-28T14:30:00","modified_gmt":"2026-04-28T14:30:00","slug":"un-master-pensado-para-la-realidad-el-lanzamiento-que-pone-a-la-gestion-en-el-centro-del-crecimiento-profesional","status":"publish","type":"post","link":"https:\/\/mundocalidad.com\/index.php\/2026\/04\/28\/un-master-pensado-para-la-realidad-el-lanzamiento-que-pone-a-la-gestion-en-el-centro-del-crecimiento-profesional\/","title":{"rendered":"Un m\u00e1ster pensado para la realidad: el lanzamiento que pone a la gesti\u00f3n en el centro del crecimiento profesional"},"content":{"rendered":"\n<p>En el Hotel Sheraton se llev\u00f3 a cabo el lanzamiento oficial del M\u00e1ster en Administraci\u00f3n de Empresas de la Universidad Central, un evento que no solo marc\u00f3 el inicio de una nueva cohorte, sino tambi\u00e9n la consolidaci\u00f3n de una propuesta acad\u00e9mica que viene ganando fuerza en los \u00faltimos a\u00f1os.<\/p>\n\n\n\n<p><em>Mundo Calidad<\/em> estuvo presente en esta cobertura, donde se reunieron autoridades acad\u00e9micas, equipo institucional y futuros alumnos, en una jornada que combin\u00f3 presentaci\u00f3n del programa, networking y demostraci\u00f3n de herramientas educativas.<\/p>\n\n\n\n<figure class=\"wp-block-gallery has-nested-images columns-default is-cropped wp-block-gallery-1 is-layout-flex wp-block-gallery-is-layout-flex\">\n<figure class=\"wp-block-image size-large\"><img loading=\"lazy\" decoding=\"async\" width=\"1024\" height=\"683\" data-id=\"2213\" src=\"https:\/\/mundocalidad.com\/wp-content\/uploads\/2026\/04\/DSC_0079-1024x683.jpg\" alt=\"\" class=\"wp-image-2213\" srcset=\"https:\/\/mundocalidad.com\/wp-content\/uploads\/2026\/04\/DSC_0079-1024x683.jpg 1024w, https:\/\/mundocalidad.com\/wp-content\/uploads\/2026\/04\/DSC_0079-300x200.jpg 300w, https:\/\/mundocalidad.com\/wp-content\/uploads\/2026\/04\/DSC_0079-768x512.jpg 768w, https:\/\/mundocalidad.com\/wp-content\/uploads\/2026\/04\/DSC_0079-1536x1024.jpg 1536w, https:\/\/mundocalidad.com\/wp-content\/uploads\/2026\/04\/DSC_0079-2048x1365.jpg 2048w\" sizes=\"auto, (max-width: 1024px) 100vw, 1024px\" \/><\/figure>\n<\/figure>\n\n\n\n<hr class=\"wp-block-separator has-alpha-channel-opacity\"\/>\n\n\n\n<p>El encuentro tambi\u00e9n incluy\u00f3 un m\u00f3dulo inicial presencial, pensado para que los estudiantes puedan conocerse, entender la din\u00e1mica del m\u00e1ster y familiarizarse con la plataforma que ser\u00e1 el eje de toda la experiencia formativa.<\/p>\n\n\n\n<h2 class=\"wp-block-heading\">Un programa que evoluciona con el mercado<\/h2>\n\n\n\n<p>Durante el lanzamiento, el director del programa, Ing. David Vega, explic\u00f3 que este MBA no es una propuesta aislada, sino parte de un proceso de evoluci\u00f3n continua.<\/p>\n\n\n\n<blockquote class=\"wp-block-quote is-layout-flow wp-block-quote-is-layout-flow\">\n<p>\u201cEste es el tercer a\u00f1o en el que estamos ofreciendo el MBA. Poder abrir nuevas cohortes y contar con grupos cada vez m\u00e1s numerosos es el resultado de apostar a la calidad.\u201d<\/p>\n<\/blockquote>\n\n\n\n<p>El programa fue dise\u00f1ado con una l\u00f3gica clara: adaptarse a los cambios del entorno profesional.<\/p>\n\n\n\n<blockquote class=\"wp-block-quote is-layout-flow wp-block-quote-is-layout-flow\">\n<p>\u201cEs un programa de vanguardia, con una malla curricular totalmente renovada, alineada a los desaf\u00edos actuales y a lo que exige el mundo laboral.\u201d<\/p>\n<\/blockquote>\n\n\n\n<p>Lejos de centrarse en un \u00fanico diferencial, el m\u00e1ster apuesta por una combinaci\u00f3n de factores: contenidos actualizados, enfoque estrat\u00e9gico y desarrollo de competencias que permitan al alumno dar un salto profesional real.<\/p>\n\n\n\n<figure class=\"wp-block-image size-large\"><img loading=\"lazy\" decoding=\"async\" width=\"1024\" height=\"683\" src=\"https:\/\/mundocalidad.com\/wp-content\/uploads\/2026\/04\/DSC_0094-2-1024x683.jpg\" alt=\"\" class=\"wp-image-2216\" srcset=\"https:\/\/mundocalidad.com\/wp-content\/uploads\/2026\/04\/DSC_0094-2-1024x683.jpg 1024w, https:\/\/mundocalidad.com\/wp-content\/uploads\/2026\/04\/DSC_0094-2-300x200.jpg 300w, https:\/\/mundocalidad.com\/wp-content\/uploads\/2026\/04\/DSC_0094-2-768x512.jpg 768w, https:\/\/mundocalidad.com\/wp-content\/uploads\/2026\/04\/DSC_0094-2-1536x1024.jpg 1536w, https:\/\/mundocalidad.com\/wp-content\/uploads\/2026\/04\/DSC_0094-2-2048x1365.jpg 2048w\" sizes=\"auto, (max-width: 1024px) 100vw, 1024px\" \/><figcaption class=\"wp-element-caption\">Lic. Paulo M\u00e9ndez e Ing. David Vega, Director del M\u00e1ster en Administraci\u00f3n de Empresas de la Universidad Central, durante el lanzamiento oficial realizado en el Hotel Sheraton.<\/figcaption><\/figure>\n\n\n\n<hr class=\"wp-block-separator has-alpha-channel-opacity\"\/>\n\n\n\n<h2 class=\"wp-block-heading\"> M\u00e1s que teor\u00eda: una experiencia formativa integral<\/h2>\n\n\n\n<p>Uno de los puntos que se destac\u00f3 durante el evento fue que el MBA no se limita a una formaci\u00f3n te\u00f3rica.<\/p>\n\n\n\n<p>Si bien la modalidad es mayormente online, el programa incluye instancias estrat\u00e9gicas que permiten al alumno comprender y aplicar lo aprendido, generando una experiencia m\u00e1s completa.<\/p>\n\n\n\n<p>Adem\u00e1s, durante la jornada se realiz\u00f3 una demostraci\u00f3n de la plataforma educativa, mostrando c\u00f3mo los estudiantes acceder\u00e1n a los contenidos, clases y materiales a lo largo de los 18 meses de duraci\u00f3n del programa.<\/p>\n\n\n\n<hr class=\"wp-block-separator has-alpha-channel-opacity\"\/>\n\n\n\n<h2 class=\"wp-block-heading\"> Cuando el crecimiento exige nuevas herramientas<\/h2>\n\n\n\n<p>El lanzamiento tambi\u00e9n permiti\u00f3 escuchar la voz de quienes ya est\u00e1n dando el paso hacia la formaci\u00f3n en gesti\u00f3n.<\/p>\n\n\n\n<p>El Dr. Joel Cano, odont\u00f3logo, docente y emprendedor, comparti\u00f3 una visi\u00f3n que representa a muchos profesionales:<\/p>\n\n\n\n<blockquote class=\"wp-block-quote is-layout-flow wp-block-quote-is-layout-flow\">\n<p>\u201cTengo una cl\u00ednica en crecimiento y necesito herramientas de gesti\u00f3n para estructurar mi empresa y llevarla a otro nivel.\u201d<\/p>\n<\/blockquote>\n\n\n\n<figure class=\"wp-block-image size-large is-resized\"><img loading=\"lazy\" decoding=\"async\" width=\"1024\" height=\"682\" src=\"https:\/\/mundocalidad.com\/wp-content\/uploads\/2026\/04\/ChatGPT-Image-28-abr-2026-11_27_50-a.m-1024x682.png\" alt=\"\" class=\"wp-image-2221\" style=\"aspect-ratio:1.5014725268560851;width:673px;height:auto\" srcset=\"https:\/\/mundocalidad.com\/wp-content\/uploads\/2026\/04\/ChatGPT-Image-28-abr-2026-11_27_50-a.m-1024x682.png 1024w, https:\/\/mundocalidad.com\/wp-content\/uploads\/2026\/04\/ChatGPT-Image-28-abr-2026-11_27_50-a.m-300x200.png 300w, https:\/\/mundocalidad.com\/wp-content\/uploads\/2026\/04\/ChatGPT-Image-28-abr-2026-11_27_50-a.m-768x511.png 768w, https:\/\/mundocalidad.com\/wp-content\/uploads\/2026\/04\/ChatGPT-Image-28-abr-2026-11_27_50-a.m.png 1537w\" sizes=\"auto, (max-width: 1024px) 100vw, 1024px\" \/><\/figure>\n\n\n\n<p>Su testimonio refleja una realidad cada vez m\u00e1s frecuente: profesionales que dominan su \u00e1rea t\u00e9cnica, pero que necesitan desarrollar habilidades de administraci\u00f3n para sostener y escalar sus proyectos.<\/p>\n\n\n\n<p>Adem\u00e1s, destac\u00f3 un factor clave en su decisi\u00f3n:<\/p>\n\n\n\n<blockquote class=\"wp-block-quote is-layout-flow wp-block-quote-is-layout-flow\">\n<p>\u201cM\u00e1s que nada, la confianza en la formaci\u00f3n que ofrece la universidad.\u201d<\/p>\n<\/blockquote>\n\n\n\n<hr class=\"wp-block-separator has-alpha-channel-opacity\"\/>\n\n\n\n<h2 class=\"wp-block-heading\">Flexibilidad total\u2026 con un desaf\u00edo real<\/h2>\n\n\n\n<p>Uno de los pilares del MBA es su modalidad.<\/p>\n\n\n\n<p>La Lic. Gianina Ordano, gerente comercial, explic\u00f3 que el programa fue pensado para adaptarse a la realidad de quienes trabajan y tienen agendas exigentes:<\/p>\n\n\n\n<blockquote class=\"wp-block-quote is-layout-flow wp-block-quote-is-layout-flow\">\n<p>\u201cEl alumno puede conectarse en cualquier horario y desde cualquier punto del pa\u00eds. No le exigimos un horario fijo.\u201d<\/p>\n<\/blockquote>\n\n\n\n<p>La plataforma permite acceder a m\u00f3dulos, clases en video, materiales y soporte acad\u00e9mico de forma simple y din\u00e1mica.<\/p>\n\n\n\n<p>Sin embargo, esta flexibilidad viene acompa\u00f1ada de un desaf\u00edo importante:<\/p>\n\n\n\n<blockquote class=\"wp-block-quote is-layout-flow wp-block-quote-is-layout-flow\">\n<p>\u201cEl desaf\u00edo principal es la organizaci\u00f3n del alumno. Esto requiere constancia y responsabilidad.\u201d<\/p>\n<\/blockquote>\n\n\n\n<p>A diferencia de la educaci\u00f3n tradicional, donde el ritmo est\u00e1 estructurado, en este modelo el alumno debe gestionar su propio proceso de aprendizaje.<\/p>\n\n\n\n<blockquote class=\"wp-block-quote is-layout-flow wp-block-quote-is-layout-flow\">\n<p>\u201cCon una hora al d\u00eda, avanzando de forma constante, el alumno puede sostener el cursado sin problemas.\u201d<\/p>\n<\/blockquote>\n\n\n\n<figure class=\"wp-block-image size-large is-resized\"><img loading=\"lazy\" decoding=\"async\" width=\"1024\" height=\"682\" src=\"https:\/\/mundocalidad.com\/wp-content\/uploads\/2026\/04\/ChatGPT-Image-28-abr-2026-11_16_14-a.m.-2-1024x682.png\" alt=\"\" class=\"wp-image-2218\" style=\"aspect-ratio:1.4993581514762515;width:737px;height:auto\" srcset=\"https:\/\/mundocalidad.com\/wp-content\/uploads\/2026\/04\/ChatGPT-Image-28-abr-2026-11_16_14-a.m.-2-1024x682.png 1024w, https:\/\/mundocalidad.com\/wp-content\/uploads\/2026\/04\/ChatGPT-Image-28-abr-2026-11_16_14-a.m.-2-300x200.png 300w, https:\/\/mundocalidad.com\/wp-content\/uploads\/2026\/04\/ChatGPT-Image-28-abr-2026-11_16_14-a.m.-2-768x511.png 768w, https:\/\/mundocalidad.com\/wp-content\/uploads\/2026\/04\/ChatGPT-Image-28-abr-2026-11_16_14-a.m.-2.png 1537w\" sizes=\"auto, (max-width: 1024px) 100vw, 1024px\" \/><figcaption class=\"wp-element-caption\">Alumnos del MBA interactuando y generando v\u00ednculos durante el lanzamiento oficial en el Hotel Sheraton.<\/figcaption><\/figure>\n\n\n\n<hr class=\"wp-block-separator has-alpha-channel-opacity\"\/>\n\n\n\n<h2 class=\"wp-block-heading\">Mas que un m\u00e1ster, una decisi\u00f3n estrat\u00e9gica<\/h2>\n\n\n\n<p>El lanzamiento dej\u00f3 una conclusi\u00f3n clara: hoy, el crecimiento profesional no depende \u00fanicamente del conocimiento t\u00e9cnico, sino de la capacidad de gestionar, organizarse y tomar decisiones.<\/p>\n\n\n\n<p>Este MBA aparece como una respuesta concreta a esa necesidad, ofreciendo una formaci\u00f3n que combina innovaci\u00f3n, tecnolog\u00eda y aplicaci\u00f3n pr\u00e1ctica en el entorno real.<\/p>\n\n\n\n<hr class=\"wp-block-separator has-alpha-channel-opacity\"\/>\n\n\n\n<h2 class=\"wp-block-heading\"> Formaci\u00f3n alineada con el mundo real<\/h2>\n\n\n\n<p>Desde <em>Mundo Calidad<\/em>, destacamos este tipo de iniciativas que conectan la educaci\u00f3n con las verdaderas necesidades del mercado.<\/p>\n\n\n\n<p>Porque hoy, la diferencia no est\u00e1 solo en lo que sab\u00e9s\u2026<br>sino en c\u00f3mo lo gestion\u00e1s, lo aplic\u00e1s y lo convert\u00eds en resultados.<\/p>\n\n\n\n<p><\/p>\n","protected":false},"excerpt":{"rendered":"<p>En el Hotel Sheraton se llev\u00f3 a cabo el lanzamiento oficial del M\u00e1ster en Administraci\u00f3n de Empresas de<\/p>\n","protected":false},"author":2,"featured_media":0,"comment_status":"open","ping_status":"open","sticky":false,"template":"","format":"standard","meta":{"footnotes":""},"categories":[1],"tags":[124,903,780,453,29,902],"class_list":["post-2211","post","type-post","status-publish","format-standard","hentry","category-calidad","tag-calidad","tag-cobertura","tag-curso","tag-mejora","tag-social","tag-universidad"],"_links":{"self":[{"href":"https:\/\/mundocalidad.com\/index.php\/wp-json\/wp\/v2\/posts\/2211","targetHints":{"allow":["GET"]}}],"collection":[{"href":"https:\/\/mundocalidad.com\/index.php\/wp-json\/wp\/v2\/posts"}],"about":[{"href":"https:\/\/mundocalidad.com\/index.php\/wp-json\/wp\/v2\/types\/post"}],"author":[{"embeddable":true,"href":"https:\/\/mundocalidad.com\/index.php\/wp-json\/wp\/v2\/users\/2"}],"replies":[{"embeddable":true,"href":"https:\/\/mundocalidad.com\/index.php\/wp-json\/wp\/v2\/comments?post=2211"}],"version-history":[{"count":1,"href":"https:\/\/mundocalidad.com\/index.php\/wp-json\/wp\/v2\/posts\/2211\/revisions"}],"predecessor-version":[{"id":2222,"href":"https:\/\/mundocalidad.com\/index.php\/wp-json\/wp\/v2\/posts\/2211\/revisions\/2222"}],"wp:attachment":[{"href":"https:\/\/mundocalidad.com\/index.php\/wp-json\/wp\/v2\/media?parent=2211"}],"wp:term":[{"taxonomy":"category","embeddable":true,"href":"https:\/\/mundocalidad.com\/index.php\/wp-json\/wp\/v2\/categories?post=2211"},{"taxonomy":"post_tag","embeddable":true,"href":"https:\/\/mundocalidad.com\/index.php\/wp-json\/wp\/v2\/tags?post=2211"}],"curies":[{"name":"wp","href":"https:\/\/api.w.org\/{rel}","templated":true}]}}