{"id":2205,"date":"2026-04-28T00:16:16","date_gmt":"2026-04-28T00:16:16","guid":{"rendered":"https:\/\/mundocalidad.com\/?p=2205"},"modified":"2026-04-28T00:17:12","modified_gmt":"2026-04-28T00:17:12","slug":"2-simposio-nacional-e-internacional-de-sst","status":"publish","type":"post","link":"https:\/\/mundocalidad.com\/index.php\/2026\/04\/28\/2-simposio-nacional-e-internacional-de-sst\/","title":{"rendered":"2\u00b0 Simposio Internacional de SST"},"content":{"rendered":"\n<!-- NOTA PERIOD\u00cdSTICA \u2014 Lista para pegar en WordPress (Editor HTML \/ C\u00f3digo) -->\n<!-- Pegar en: Bloque \"HTML personalizado\" o en el editor cl\u00e1sico en pesta\u00f1a \"Texto\" -->\n\n<style>\n.mc-nota { font-family: Georgia, 'Times New Roman', serif; max-width: 780px; margin: 0 auto; color: #1a1a1a; line-height: 1.8; }\n.mc-nota .mc-kicker { font-family: Arial, sans-serif; font-size: 11px; letter-spacing: 0.12em; text-transform: uppercase; color: #666; margin: 0 0 10px; }\n.mc-nota h1.mc-titulo { font-size: 28px; font-weight: bold; line-height: 1.3; margin: 0 0 14px; color: #111; }\n.mc-nota .mc-bajada { font-family: Arial, sans-serif; font-size: 15px; color: #555; font-style: italic; border-bottom: 2px solid #111; padding-bottom: 18px; margin-bottom: 24px; }\n.mc-nota .mc-referencia-anterior { background: #f5f5f5; border-left: 3px solid #111; padding: 12px 16px; margin-bottom: 24px; font-family: Arial, sans-serif; font-size: 13px; color: #444; }\n.mc-nota .mc-referencia-anterior a { color: #111; font-weight: bold; text-decoration: underline; }\n.mc-nota p { font-size: 16px; margin: 0 0 18px; }\n.mc-nota .mc-cita-destacada { border-left: 3px solid #111; padding: 16px 20px; margin: 28px 0; background: #f9f9f9; }\n.mc-nota .mc-cita-destacada blockquote { font-size: 16px; font-style: italic; margin: 0 0 8px; color: #222; }\n.mc-nota .mc-cita-destacada cite { font-family: Arial, sans-serif; font-size: 12px; color: #666; font-style: normal; }\n.mc-nota .mc-datos { background: #f5f5f5; border-top: 2px solid #111; border-bottom: 2px solid #111; padding: 18px 20px; margin: 28px 0; display: flex; gap: 24px; flex-wrap: wrap; }\n.mc-nota .mc-dato { flex: 1; min-width: 150px; font-family: Arial, sans-serif; }\n.mc-nota .mc-dato strong { display: block; font-size: 22px; color: #111; margin-bottom: 4px; }\n.mc-nota .mc-dato span { font-size: 12px; color: #666; }\n.mc-nota .mc-cierre { font-family: Arial, sans-serif; font-size: 12px; color: #888; border-top: 1px solid #ddd; padding-top: 14px; margin-top: 32px; }\n<\/style>\n\n<div class=\"mc-nota\">\n\n  <p class=\"mc-kicker\">Salud y Seguridad Ocupacional \u00b7 Asunci\u00f3n, 28 de abril de 2026<\/p>\n\n  <h1 class=\"mc-titulo\">Paraguay debate el futuro del trabajo en la era de la inteligencia artificial en el 2\u00b0 Simposio Nacional e Internacional de SST<\/h1>\n\n  <p class=\"mc-bajada\">La jornada reuni\u00f3 a expertos nacionales e internacionales en torno a los desaf\u00edos que plantea la IA para la Seguridad y Salud en el Trabajo, con foco en riesgos psicosociales, brecha digital y equidad de g\u00e9nero.<\/p>\n\n  <div class=\"mc-referencia-anterior\">\n    \ud83d\udcf0 <strong>Contexto:<\/strong> Este evento fue anticipado en nuestra edici\u00f3n del 27 de abril. <a href=\"https:\/\/mundocalidad.com\/index.php\/2026\/04\/27\/manana-comienza-el-2-simposio-nacional-e-internacional-de-seguridad-y-salud-en-el-trabajo-organizado-por-innovate-learning-center\/\" target=\"_blank\" rel=\"noopener\">Le\u00e9 la nota completa aqu\u00ed \u2192<\/a>\n  <\/div>\n\n  <p><strong>Asunci\u00f3n.<\/strong> En el marco del D\u00eda Internacional y Nacional de la Seguridad y Salud en el Trabajo, celebrado cada 28 de abril, culmin\u00f3 con \u00e9xito la primera etapa del <strong>2\u00b0 Simposio Nacional e Internacional de Salud y Seguridad Ocupacional<\/strong>, organizado por Innovate Learning Center. El evento reuni\u00f3, en modalidad virtual y con acceso libre y gratuito, a profesionales, acad\u00e9micos y referentes del sector para analizar uno de los temas m\u00e1s urgentes del mundo laboral contempor\u00e1neo: el impacto de la inteligencia artificial en los entornos de trabajo.<\/p>\n\n  <p>Una de las exposiciones centrales estuvo a cargo del <strong>Experto Lic. Guillermo A. Delgado<\/strong>, con m\u00e1s de diez a\u00f1os de experiencia liderando la Seguridad y Salud en el Trabajo en Paraguay. Su ponencia, titulada <em>\u00abMentes que Producen: La IA y el Trabajo en Entornos Empresariales Activos\u00bb<\/em>, abord\u00f3 la transformaci\u00f3n que la inteligencia artificial generativa est\u00e1 produciendo en los mercados laborales globales y sus implicancias directas para los trabajadores.<\/p>\n\n  <div class=\"mc-datos\">\n    <div class=\"mc-dato\">\n      <strong>840.000<\/strong>\n      <span>muertes anuales vinculadas a riesgos psicosociales laborales (OIT, 2026)<\/span>\n    <\/div>\n    <div class=\"mc-dato\">\n      <strong>135 pa\u00edses<\/strong>\n      <span>participan en la investigaci\u00f3n conjunta OIT\u2013Banco Mundial sobre IA y empleo<\/span>\n    <\/div>\n    <div class=\"mc-dato\">\n      <strong>1,37% PIB<\/strong>\n      <span>p\u00e9rdidas globales anuales atribuibles a riesgos psicosociales en el trabajo<\/span>\n    <\/div>\n  <\/div>\n\n  <p>Delgado present\u00f3 el mandato de la Organizaci\u00f3n Internacional del Trabajo (OIT) para un trabajo decente y equitativo en la era digital, se\u00f1alando que el organismo promueve el uso \u00e9tico y responsable de la IA, la protecci\u00f3n de los derechos laborales frente a la automatizaci\u00f3n y el di\u00e1logo social entre empleadores, trabajadores y gobiernos. El enfoque 2026 de la OIT, elaborado en colaboraci\u00f3n con el Banco Mundial, coloca la IA en el centro del debate sobre seguridad, salud y dignidad laboral.<\/p>\n\n  <p>El expositor distingui\u00f3 la IA generativa de la IA tradicional: mientras la segunda analiza datos para tomar decisiones puntuales, la primera crea contenido nuevo y original, redefiniendo tareas en sectores tan diversos como la salud, el comercio y la comunicaci\u00f3n. En ese contexto, advirti\u00f3 sobre riesgos psicosociales emergentes que la adopci\u00f3n de IA genera en los trabajadores: estr\u00e9s tecnol\u00f3gico, miedo a la sustituci\u00f3n laboral, vigilancia y control digital, sobrecarga de informaci\u00f3n, aislamiento y p\u00e9rdida de autonom\u00eda.<\/p>\n\n  <p>Delgado tambi\u00e9n se\u00f1al\u00f3 la <strong>brecha digital<\/strong> como factor estructural cr\u00edtico. Millones de trabajadores en pa\u00edses en desarrollo carecen de conectividad de calidad, infraestructura tecnol\u00f3gica y formaci\u00f3n digital, lo que los excluye de los beneficios de la IA antes de poder aprovecharlos. Present\u00f3 adem\u00e1s la herramienta <strong>MAIA<\/strong>, desarrollada por la OIT para impulsar la formalizaci\u00f3n y productividad de micro, peque\u00f1as y medianas empresas mediante inteligencia artificial, como ejemplo concreto de IA al servicio del trabajo decente.<\/p>\n\n  <p>La dimensi\u00f3n de g\u00e9nero tambi\u00e9n ocup\u00f3 un lugar central en la ponencia. Seg\u00fan los datos presentados, las trabajadoras enfrentan una exposici\u00f3n desproporcionadamente mayor a la automatizaci\u00f3n por su concentraci\u00f3n en sectores administrativos, de comercio y servicios. Sin una perspectiva de equidad en el despliegue de la IA, advirti\u00f3 Delgado, la brecha de g\u00e9nero preexistente se profundizar\u00e1.<\/p>\n\n  <div class=\"mc-cita-destacada\">\n    <blockquote>\u00abLa IA es una herramienta poderosa, pero su impacto depende de las decisiones que tomemos hoy como sociedad, como empresas y como instituciones.\u00bb<\/blockquote>\n    <cite>Lic. Guillermo A. Delgado \u2014 Expositor, 2\u00b0 Simposio Nacional e Internacional de SST<\/cite>\n  <\/div>\n\n  <p>La directora de Innovate Learning Center, <strong>Mag. Nathalia Vera<\/strong>, afirm\u00f3 que el simposio representa mucho m\u00e1s que un evento acad\u00e9mico:<\/p>\n\n  <div class=\"mc-cita-destacada\">\n    <blockquote>\u00abEste simposio nace justamente de esa necesidad: generar un espacio donde el conocimiento, la experiencia y la actualizaci\u00f3n se encuentren, y donde podamos elevar el nivel t\u00e9cnico y estrat\u00e9gico de quienes hoy est\u00e1n en el campo laboral. Y tambi\u00e9n tiene un significado muy especial para nosotros, porque es, de alguna manera, una dedicatoria a toda la comunidad Innovate: a nuestros alumnos, egresados y profesionales que nos acompa\u00f1an a\u00f1o a a\u00f1o.\u00bb<\/blockquote>\n    <cite>Mag. Nathalia Vera \u2014 Directora, Innovate Learning Center<\/cite>\n  <\/div>\n\n  <p>Vera subray\u00f3 que el evento busca conectar lo acad\u00e9mico con lo productivo y posicionar la Seguridad y Salud en el Trabajo como eje clave del desarrollo sostenible, en un momento en que la econom\u00eda paraguaya crece y las inversiones se expanden. \u00abEse crecimiento necesita estar acompa\u00f1ado de formaci\u00f3n, de conciencia y de profesionales preparados\u00bb, sostuvo.<\/p>\n\n  <p>El simposio cerr\u00f3 su primera etapa con un llamado a la acci\u00f3n colectiva: que gobiernos, empleadores, trabajadores y organismos internacionales act\u00faen de manera coordinada para garantizar una transici\u00f3n justa hacia la era digital, donde la tecnolog\u00eda complemente \u2014y no reemplace\u2014 el trabajo humano y su dignidad.<\/p>\n\n  <p class=\"mc-cierre\">2\u00b0 Simposio Nacional e Internacional de Salud y Seguridad Ocupacional \u00b7 Innovate Learning Center \u00b7 Asunci\u00f3n, Paraguay \u00b7 28 de abril de 2026<\/p>\n\n<\/div>\n","protected":false},"excerpt":{"rendered":"<p>Salud y Seguridad Ocupacional \u00b7 Asunci\u00f3n, 28 de abril de 2026 Paraguay debate el futuro del trabajo en<\/p>\n","protected":false},"author":1,"featured_media":2206,"comment_status":"open","ping_status":"open","sticky":false,"template":"","format":"standard","meta":{"footnotes":""},"categories":[7,368,4],"tags":[],"class_list":["post-2205","post","type-post","status-publish","format-standard","has-post-thumbnail","hentry","category-capacitacion","category-estandarizacion-2","category-syso"],"_links":{"self":[{"href":"https:\/\/mundocalidad.com\/index.php\/wp-json\/wp\/v2\/posts\/2205","targetHints":{"allow":["GET"]}}],"collection":[{"href":"https:\/\/mundocalidad.com\/index.php\/wp-json\/wp\/v2\/posts"}],"about":[{"href":"https:\/\/mundocalidad.com\/index.php\/wp-json\/wp\/v2\/types\/post"}],"author":[{"embeddable":true,"href":"https:\/\/mundocalidad.com\/index.php\/wp-json\/wp\/v2\/users\/1"}],"replies":[{"embeddable":true,"href":"https:\/\/mundocalidad.com\/index.php\/wp-json\/wp\/v2\/comments?post=2205"}],"version-history":[{"count":2,"href":"https:\/\/mundocalidad.com\/index.php\/wp-json\/wp\/v2\/posts\/2205\/revisions"}],"predecessor-version":[{"id":2208,"href":"https:\/\/mundocalidad.com\/index.php\/wp-json\/wp\/v2\/posts\/2205\/revisions\/2208"}],"wp:featuredmedia":[{"embeddable":true,"href":"https:\/\/mundocalidad.com\/index.php\/wp-json\/wp\/v2\/media\/2206"}],"wp:attachment":[{"href":"https:\/\/mundocalidad.com\/index.php\/wp-json\/wp\/v2\/media?parent=2205"}],"wp:term":[{"taxonomy":"category","embeddable":true,"href":"https:\/\/mundocalidad.com\/index.php\/wp-json\/wp\/v2\/categories?post=2205"},{"taxonomy":"post_tag","embeddable":true,"href":"https:\/\/mundocalidad.com\/index.php\/wp-json\/wp\/v2\/tags?post=2205"}],"curies":[{"name":"wp","href":"https:\/\/api.w.org\/{rel}","templated":true}]}}