{"id":1729,"date":"2026-01-23T09:00:00","date_gmt":"2026-01-23T09:00:00","guid":{"rendered":"https:\/\/mundocalidad.com\/?p=1729"},"modified":"2026-01-08T18:58:46","modified_gmt":"2026-01-08T18:58:46","slug":"autos-inteligencia-artificial-y-sostenibilidad-el-camino-hacia-una-movilidad-inteligente","status":"publish","type":"post","link":"https:\/\/mundocalidad.com\/index.php\/2026\/01\/23\/autos-inteligencia-artificial-y-sostenibilidad-el-camino-hacia-una-movilidad-inteligente\/","title":{"rendered":"El futuro del transporte: autos inteligentes y sostenibilidad en marcha"},"content":{"rendered":"\n<p>La <strong>Inteligencia Artificial (IA)<\/strong> ya est\u00e1 transformando la industria automotriz, pero los cambios m\u00e1s profundos a\u00fan est\u00e1n por venir. En los pr\u00f3ximos a\u00f1os, la combinaci\u00f3n de <strong>IA, electrificaci\u00f3n y normas ISO<\/strong> dar\u00e1 lugar a un nuevo modelo de movilidad: <strong>m\u00e1s segura, m\u00e1s eficiente y m\u00e1s sostenible<\/strong>.<\/p>\n\n\n\n<p>Este proceso no es solo tecnol\u00f3gico, sino tambi\u00e9n <strong>ambiental y estrat\u00e9gico<\/strong>, donde la <strong>ISO 14001<\/strong> jugar\u00e1 un rol clave.<\/p>\n\n\n\n<figure class=\"wp-block-image size-full\"><img loading=\"lazy\" decoding=\"async\" width=\"1000\" height=\"563\" src=\"https:\/\/mundocalidad.com\/wp-content\/uploads\/2026\/01\/image-6.png\" alt=\"\" class=\"wp-image-1730\" srcset=\"https:\/\/mundocalidad.com\/wp-content\/uploads\/2026\/01\/image-6.png 1000w, https:\/\/mundocalidad.com\/wp-content\/uploads\/2026\/01\/image-6-300x169.png 300w, https:\/\/mundocalidad.com\/wp-content\/uploads\/2026\/01\/image-6-768x432.png 768w\" sizes=\"auto, (max-width: 1000px) 100vw, 1000px\" \/><\/figure>\n\n\n\n<h2 class=\"wp-block-heading\">En los pr\u00f3ximos a\u00f1os, el avance de la IA acelerar\u00e1 dos transformaciones paralelas que se retroalimentan:<\/h2>\n\n\n\n<ol class=\"wp-block-list\">\n<li>el crecimiento de los <strong>veh\u00edculos aut\u00f3nomos<\/strong>, y<\/li>\n\n\n\n<li>la expansi\u00f3n de los <strong>veh\u00edculos el\u00e9ctricos<\/strong>.<\/li>\n<\/ol>\n\n\n\n<p>Y, en el plano ambiental, este nuevo modelo de movilidad va a estar cada vez m\u00e1s conectado con normas de gesti\u00f3n como la <strong>ISO 14001<\/strong>, que permiten pasar del discurso a la <strong>gesti\u00f3n medible del impacto<\/strong>.<\/p>\n\n\n\n<hr class=\"wp-block-separator has-alpha-channel-opacity\"\/>\n\n\n\n<h3 class=\"wp-block-heading\">\ud83d\ude97 De autos mec\u00e1nicos a sistemas inteligentes sobre ruedas<\/h3>\n\n\n\n<p>Durante d\u00e9cadas, la evoluci\u00f3n del autom\u00f3vil fue principalmente mec\u00e1nica. Hoy el salto es digital: sensores, c\u00e1maras, radares, conectividad y algoritmos de IA permiten que un veh\u00edculo:<\/p>\n\n\n\n<ul class=\"wp-block-list\">\n<li>reconozca peatones, se\u00f1ales y obst\u00e1culos<\/li>\n\n\n\n<li>interprete el entorno en tiempo real<\/li>\n\n\n\n<li>tome decisiones de asistencia al conductor<\/li>\n\n\n\n<li>optimice el uso de energ\u00eda y el desempe\u00f1o del veh\u00edculo<\/li>\n<\/ul>\n\n\n\n<p>El auto ya no solo responde: <strong>predice y aprende<\/strong>.<\/p>\n\n\n\n<hr class=\"wp-block-separator has-alpha-channel-opacity\"\/>\n\n\n\n<h3 class=\"wp-block-heading\">\ud83e\udde0 IA aplicada a la seguridad vial: prevenci\u00f3n antes del accidente<\/h3>\n\n\n\n<p>Uno de los aportes m\u00e1s visibles de la IA est\u00e1 en los sistemas de asistencia avanzada al conductor (ADAS). Estos sistemas ya permiten:<\/p>\n\n\n\n<ul class=\"wp-block-list\">\n<li>frenado aut\u00f3nomo de emergencia<\/li>\n\n\n\n<li>mantenimiento de carril<\/li>\n\n\n\n<li>detecci\u00f3n de punto ciego<\/li>\n\n\n\n<li>reconocimiento de se\u00f1ales<\/li>\n\n\n\n<li>alertas por fatiga o distracci\u00f3n<\/li>\n<\/ul>\n\n\n\n<p>Si el error humano es una de las principales causas de accidentes, la IA aporta algo decisivo: <strong>reducci\u00f3n del riesgo por anticipaci\u00f3n<\/strong>. No elimina el peligro, pero s\u00ed reduce la probabilidad de que una situaci\u00f3n normal se convierta en tragedia.<\/p>\n\n\n\n<figure class=\"wp-block-image size-large is-resized\"><img loading=\"lazy\" decoding=\"async\" width=\"1923\" height=\"1923\" src=\"https:\/\/mundocalidad.com\/wp-content\/uploads\/2026\/01\/385239-PC5IAU-698-edited.jpg\" alt=\"\" class=\"wp-image-1732\" style=\"width:643px;height:auto\" srcset=\"https:\/\/mundocalidad.com\/wp-content\/uploads\/2026\/01\/385239-PC5IAU-698-edited.jpg 1923w, https:\/\/mundocalidad.com\/wp-content\/uploads\/2026\/01\/385239-PC5IAU-698-edited-300x300.jpg 300w, https:\/\/mundocalidad.com\/wp-content\/uploads\/2026\/01\/385239-PC5IAU-698-edited-1024x1024.jpg 1024w, https:\/\/mundocalidad.com\/wp-content\/uploads\/2026\/01\/385239-PC5IAU-698-edited-150x150.jpg 150w, https:\/\/mundocalidad.com\/wp-content\/uploads\/2026\/01\/385239-PC5IAU-698-edited-768x768.jpg 768w, https:\/\/mundocalidad.com\/wp-content\/uploads\/2026\/01\/385239-PC5IAU-698-edited-1536x1536.jpg 1536w\" sizes=\"auto, (max-width: 1923px) 100vw, 1923px\" \/><\/figure>\n\n\n\n<hr class=\"wp-block-separator has-alpha-channel-opacity\"\/>\n\n\n\n<h3 class=\"wp-block-heading\">\ud83d\ude98 Autos que manejan solos: un cambio estructural en la movilidad<\/h3>\n\n\n\n<p>En el futuro cercano, los veh\u00edculos aut\u00f3nomos van a ser cada vez m\u00e1s comunes, especialmente en flotas, log\u00edstica, transporte urbano y corredores controlados. Estos autos podr\u00e1n:<\/p>\n\n\n\n<ul class=\"wp-block-list\">\n<li>reducir errores de conducci\u00f3n<\/li>\n\n\n\n<li>optimizar velocidad y distancia de frenado<\/li>\n\n\n\n<li>minimizar congesti\u00f3n mediante decisiones coordinadas<\/li>\n\n\n\n<li>mejorar la fluidez del tr\u00e1nsito<\/li>\n<\/ul>\n\n\n\n<p>Y esto tambi\u00e9nUO tiene un efecto ambiental directo: menos congesti\u00f3n y conducci\u00f3n m\u00e1s \u201csuave\u201d significan <strong>menos consumo<\/strong> y <strong>menos emisiones<\/strong> (en veh\u00edculos a combusti\u00f3n) o <strong>menos demanda energ\u00e9tica<\/strong> (en el\u00e9ctricos).<\/p>\n\n\n\n<p><\/p>\n\n\n\n<hr class=\"wp-block-separator has-alpha-channel-opacity\"\/>\n\n\n\n<h3 class=\"wp-block-heading\">\ud83d\udd0c Autos el\u00e9ctricos + IA: sostenibilidad en movimiento<\/h3>\n\n\n\n<p>La transici\u00f3n hacia veh\u00edculos el\u00e9ctricos es uno de los pilares de la movilidad sostenible. La IA potencia esa transici\u00f3n porque puede:<\/p>\n\n\n\n<ul class=\"wp-block-list\">\n<li>optimizar el uso de bater\u00eda seg\u00fan trayecto y estilo de conducci\u00f3n<\/li>\n\n\n\n<li>extender la vida \u00fatil mediante gesti\u00f3n inteligente de carga\/descarga<\/li>\n\n\n\n<li>recomendar rutas m\u00e1s eficientes energ\u00e9ticamente<\/li>\n\n\n\n<li>gestionar recargas en horarios de menor demanda y costo<\/li>\n<\/ul>\n\n\n\n<p>Para muchas organizaciones, la electrificaci\u00f3n de flotas no ser\u00e1 solo una decisi\u00f3n \u201cverde\u201d, sino un movimiento estrat\u00e9gico para reducir costos y exposici\u00f3n a cambios regulatorios.<\/p>\n\n\n\n<hr class=\"wp-block-separator has-alpha-channel-opacity\"\/>\n\n\n\n<h3 class=\"wp-block-heading\">\ud83c\udf31 ISO 14001 y movilidad sostenible: de la intenci\u00f3n a la evidencia<\/h3>\n\n\n\n<p>Aqu\u00ed entra en juego la <strong>ISO 14001<\/strong>, que no se limita a \u201ccuidar el ambiente\u201d, sino que establece un marco para <strong>identificar impactos, medir desempe\u00f1o y mejorar continuamente<\/strong>.<\/p>\n\n\n\n<p>Aplicada a transporte y movilidad (flotas, log\u00edstica, distribuci\u00f3n, servicios t\u00e9cnicos), la ISO 14001 permite:<\/p>\n\n\n\n<ul class=\"wp-block-list\">\n<li>identificar impactos ambientales del transporte (combustible, emisiones, ruido)<\/li>\n\n\n\n<li>establecer objetivos de reducci\u00f3n y eficiencia<\/li>\n\n\n\n<li>evaluar el ciclo de vida del veh\u00edculo (adquisici\u00f3n, uso, mantenimiento y disposici\u00f3n)<\/li>\n\n\n\n<li>medir resultados reales y demostrar mejora<\/li>\n<\/ul>\n\n\n\n<p>En este escenario, la IA aporta los datos y el an\u00e1lisis, mientras que la ISO 14001 aporta <strong>estructura, control y trazabilidad<\/strong>.<\/p>\n\n\n\n<hr class=\"wp-block-separator has-alpha-channel-opacity\"\/>\n\n\n\n<h3 class=\"wp-block-heading\">\ud83c\udf10 Autos conectados: m\u00e1s eficiencia\u2026 y nuevos riesgos<\/h3>\n\n\n\n<p>El auto del futuro ser\u00e1 aut\u00f3nomo y el\u00e9ctrico, pero tambi\u00e9n ser\u00e1 <strong>conectado<\/strong>. Esto habilita:<\/p>\n\n\n\n<ul class=\"wp-block-list\">\n<li>actualizaci\u00f3n remota de software<\/li>\n\n\n\n<li>mantenimiento predictivo<\/li>\n\n\n\n<li>comunicaci\u00f3n veh\u00edculo\u2013infraestructura<\/li>\n\n\n\n<li>an\u00e1lisis de datos para optimizar rutas y consumo<\/li>\n<\/ul>\n\n\n\n<p>Pero tambi\u00e9n trae nuevos riesgos: ciberataques, acceso indebido a datos, manipulaci\u00f3n de sistemas y dependencia tecnol\u00f3gica. El desaf\u00edo no ser\u00e1 solo innovar, sino <strong>gestionar la tecnolog\u00eda con controles y responsabilidad<\/strong>.<\/p>\n\n\n\n<figure class=\"wp-block-image size-full\"><a href=\"https:\/\/wa.me\/595985626547\" target=\"_blank\" rel=\" noreferrer noopener\"><img loading=\"lazy\" decoding=\"async\" width=\"930\" height=\"110\" src=\"https:\/\/mundocalidad.com\/wp-content\/uploads\/2025\/05\/cropped-CERTIFICA_EN_ISO_nv.png\" alt=\"\" class=\"wp-image-493\" srcset=\"https:\/\/mundocalidad.com\/wp-content\/uploads\/2025\/05\/cropped-CERTIFICA_EN_ISO_nv.png 930w, https:\/\/mundocalidad.com\/wp-content\/uploads\/2025\/05\/cropped-CERTIFICA_EN_ISO_nv-300x35.png 300w, https:\/\/mundocalidad.com\/wp-content\/uploads\/2025\/05\/cropped-CERTIFICA_EN_ISO_nv-768x91.png 768w\" sizes=\"auto, (max-width: 930px) 100vw, 930px\" \/><\/a><\/figure>\n\n\n\n<hr class=\"wp-block-separator has-alpha-channel-opacity\"\/>\n\n\n\n<h2 class=\"wp-block-heading\">\u2705 Beneficios de la IA en autos y su v\u00ednculo con sostenibilidad <\/h2>\n\n\n\n<figure class=\"wp-block-table\"><table class=\"has-fixed-layout\"><thead><tr><th>Beneficio<\/th><th>\u00bfQu\u00e9 aporta la IA?<\/th><th>Relaci\u00f3n con sostenibilidad \/ ISO 14001<\/th><\/tr><\/thead><tbody><tr><td><strong>Mayor seguridad vial<\/strong><\/td><td>Detecta riesgos y asiste decisiones<\/td><td>Menos incidentes y menor impacto indirecto<\/td><\/tr><tr><td><strong>Conducci\u00f3n m\u00e1s eficiente<\/strong><\/td><td>Optimiza aceleraci\u00f3n, frenado y rutas<\/td><td>Menor consumo y mejor desempe\u00f1o ambiental<\/td><\/tr><tr><td><strong>Electrificaci\u00f3n optimizada<\/strong><\/td><td>Gesti\u00f3n inteligente de bater\u00edas y recargas<\/td><td>Reducci\u00f3n de emisiones y energ\u00eda mejor usada<\/td><\/tr><tr><td><strong>Menos congesti\u00f3n<\/strong><\/td><td>Tr\u00e1nsito m\u00e1s fluido y coordinado<\/td><td>Menos emisiones urbanas y contaminaci\u00f3n<\/td><\/tr><tr><td><strong>Mantenimiento predictivo<\/strong><\/td><td>Detecta fallas antes de que ocurran<\/td><td>Mayor vida \u00fatil del veh\u00edculo (menos residuos)<\/td><\/tr><tr><td><strong>Datos para gesti\u00f3n ambiental<\/strong><\/td><td>M\u00e9tricas en tiempo real de consumo y emisiones<\/td><td>Evidencia y seguimiento para ISO 14001<\/td><\/tr><tr><td><strong>Decisiones de flota m\u00e1s inteligentes<\/strong><\/td><td>Comparaci\u00f3n de escenarios (combusti\u00f3n vs el\u00e9ctrico)<\/td><td>Objetivos ambientales medibles<\/td><\/tr><tr><td><strong>Mejor reputaci\u00f3n<\/strong><\/td><td>Tecnolog\u00eda + sostenibilidad demostrable<\/td><td>Imagen ambiental verificable<\/td><\/tr><\/tbody><\/table><\/figure>\n\n\n\n<hr class=\"wp-block-separator has-alpha-channel-opacity\"\/>\n\n\n\n<h3 class=\"wp-block-heading\">\ud83c\udfaf Conclusi\u00f3n<\/h3>\n\n\n\n<p>El futuro de la movilidad no ser\u00e1 solo el\u00e9ctrico ni solo aut\u00f3nomo: ser\u00e1 <strong>inteligente, conectado y gestionado con enfoque ambiental<\/strong>. La IA permitir\u00e1 reducir accidentes, optimizar energ\u00eda y mejorar el desempe\u00f1o de veh\u00edculos y flotas. Y la <strong>ISO 14001<\/strong> ser\u00e1 el marco que ayude a las organizaciones a convertir esa innovaci\u00f3n en <strong>sostenibilidad real, medible y mejorable<\/strong>.<\/p>\n\n\n\n<p>En otras palabras: la tecnolog\u00eda aporta velocidad, pero la gesti\u00f3n aporta confianza.<br>Y en el camino hacia la movilidad del futuro, <strong>IA + ISO 14001<\/strong> puede ser una combinaci\u00f3n decisiva para construir ciudades m\u00e1s limpias, empresas m\u00e1s eficientes y un transporte con menor impacto ambiental.<\/p>\n\n\n\n<p><\/p>\n","protected":false},"excerpt":{"rendered":"<p>La Inteligencia Artificial (IA) ya est\u00e1 transformando la industria automotriz, pero los cambios m\u00e1s profundos a\u00fan est\u00e1n por<\/p>\n","protected":false},"author":2,"featured_media":0,"comment_status":"open","ping_status":"open","sticky":false,"template":"","format":"standard","meta":{"footnotes":""},"categories":[1],"tags":[743,742,268,224,61,110,114,29],"class_list":["post-1729","post","type-post","status-publish","format-standard","hentry","category-calidad","tag-accidentes","tag-autonomia","tag-autos","tag-futuro","tag-ia","tag-importancia","tag-seguridad","tag-social"],"_links":{"self":[{"href":"https:\/\/mundocalidad.com\/index.php\/wp-json\/wp\/v2\/posts\/1729","targetHints":{"allow":["GET"]}}],"collection":[{"href":"https:\/\/mundocalidad.com\/index.php\/wp-json\/wp\/v2\/posts"}],"about":[{"href":"https:\/\/mundocalidad.com\/index.php\/wp-json\/wp\/v2\/types\/post"}],"author":[{"embeddable":true,"href":"https:\/\/mundocalidad.com\/index.php\/wp-json\/wp\/v2\/users\/2"}],"replies":[{"embeddable":true,"href":"https:\/\/mundocalidad.com\/index.php\/wp-json\/wp\/v2\/comments?post=1729"}],"version-history":[{"count":2,"href":"https:\/\/mundocalidad.com\/index.php\/wp-json\/wp\/v2\/posts\/1729\/revisions"}],"predecessor-version":[{"id":1738,"href":"https:\/\/mundocalidad.com\/index.php\/wp-json\/wp\/v2\/posts\/1729\/revisions\/1738"}],"wp:attachment":[{"href":"https:\/\/mundocalidad.com\/index.php\/wp-json\/wp\/v2\/media?parent=1729"}],"wp:term":[{"taxonomy":"category","embeddable":true,"href":"https:\/\/mundocalidad.com\/index.php\/wp-json\/wp\/v2\/categories?post=1729"},{"taxonomy":"post_tag","embeddable":true,"href":"https:\/\/mundocalidad.com\/index.php\/wp-json\/wp\/v2\/tags?post=1729"}],"curies":[{"name":"wp","href":"https:\/\/api.w.org\/{rel}","templated":true}]}}