{"id":1301,"date":"2025-09-09T19:26:22","date_gmt":"2025-09-09T19:26:22","guid":{"rendered":"https:\/\/mundocalidad.com\/?p=1301"},"modified":"2025-09-09T20:27:14","modified_gmt":"2025-09-09T20:27:14","slug":"novaveritas-s-a-presente-en-paraguay-business-week","status":"publish","type":"post","link":"https:\/\/mundocalidad.com\/index.php\/2025\/09\/09\/novaveritas-s-a-presente-en-paraguay-business-week\/","title":{"rendered":"Novaveritas S.A. presente en Paraguay Business Week"},"content":{"rendered":"\n<p><strong>Ciudad del Este, Paraguay \u2013 septiembre 2025.<\/strong><br>En el marco de la primera edici\u00f3n del <strong>Paraguay Business Week<\/strong>, representantes de <strong>Novaveritas S.A.<\/strong> participaron activamente en las actividades de este gran encuentro empresarial que reuni\u00f3 a m\u00e1s de <strong>5.000 asistentes<\/strong> y <strong>650 empresas de 8 pa\u00edses<\/strong>, con un portafolio de inversi\u00f3n estimado en <strong>USD 10.000 millones<\/strong>.<\/p>\n\n\n<div class=\"wp-block-image\">\n<figure class=\"alignleft size-medium\"><img loading=\"lazy\" decoding=\"async\" width=\"300\" height=\"300\" src=\"https:\/\/mundocalidad.com\/wp-content\/uploads\/2025\/09\/Ministros_Guillermo_Gimenez-300x300.png\" alt=\"\" class=\"wp-image-1303\" srcset=\"https:\/\/mundocalidad.com\/wp-content\/uploads\/2025\/09\/Ministros_Guillermo_Gimenez-300x300.png 300w, https:\/\/mundocalidad.com\/wp-content\/uploads\/2025\/09\/Ministros_Guillermo_Gimenez-150x150.png 150w, https:\/\/mundocalidad.com\/wp-content\/uploads\/2025\/09\/Ministros_Guillermo_Gimenez-768x768.png 768w, https:\/\/mundocalidad.com\/wp-content\/uploads\/2025\/09\/Ministros_Guillermo_Gimenez.png 800w\" sizes=\"auto, (max-width: 300px) 100vw, 300px\" \/><\/figure>\n<\/div>\n\n\n<p>Durante el evento, se destac\u00f3 la presencia del <strong>Vicepresidente de Novaveritas S.A., <a href=\"https:\/\/mundocalidad.com\/index.php\/2024\/09\/06\/marcelo-carrillo-olivier-el-arte-de-liderar-con-vision-estrategica\/\" target=\"_blank\" rel=\"noreferrer noopener\">Marcelo Carrillo<\/a><\/strong>, y de la <strong>Gerente General, Valeria Portillo<\/strong>, quienes compartieron espacios con el <strong>Ministro de Industria y Comercio, Ing. Guillermo Gim\u00e9nez<\/strong>, adem\u00e1s de otras personalidades del \u00e1mbito empresarial y gubernamental.<\/p>\n\n\n\n<p>El evento destac\u00f3 el potencial de Paraguay como destino estrat\u00e9gico para la inversi\u00f3n extranjera, impulsado por su r\u00e9gimen de maquila, estabilidad macroecon\u00f3mica y ventajas competitivas en sectores clave como energ\u00eda, agroindustria, manufactura y servicios.<\/p>\n\n\n\n<h3 class=\"wp-block-heading\">Compromiso con la calidad<\/h3>\n\n\n\n<p>La participaci\u00f3n de Novaveritas reafirma su compromiso de contribuir al fortalecimiento de la <strong>competitividad empresarial<\/strong> del pa\u00eds, impulsando proyectos de certificaci\u00f3n internacional que elevan la confianza y abren puertas a la inversi\u00f3n extranjera.<\/p>\n\n\n\n<h3 class=\"wp-block-heading\">Un espacio estrat\u00e9gico<\/h3>\n\n\n\n<p>El <strong>Paraguay Business Week<\/strong>, organizado por el <strong>MIC a trav\u00e9s de Rediex<\/strong>, junto con la <strong>C\u00e1mara de Comercio Paraguay-Brasil (CCPB)<\/strong> y la <strong>C\u00e1mara de Empresas Maquiladoras del Paraguay (Cemap)<\/strong>, integr\u00f3 el <strong>Alto Paran\u00e1 Invest Forum<\/strong>, la <strong>16\u00aa Expo Paraguay-Brasil<\/strong> y la <strong>9\u00aa Expo Maquila<\/strong>, consolid\u00e1ndose como un hub regional de negocios e innovaci\u00f3n.<\/p>\n\n\n\n<p>\ud83d\udcf8 <em>En la galer\u00eda de im\u00e1genes se pueden observar distintos momentos de la participaci\u00f3n de Novaveritas en el evento, reflejando la relevancia de la empresa en el ecosistema de calidad y certificaci\u00f3n en Paraguay.<\/em><\/p>\n\n\n\n<figure class=\"wp-block-image size-large\"><img loading=\"lazy\" decoding=\"async\" width=\"1024\" height=\"569\" src=\"https:\/\/mundocalidad.com\/wp-content\/uploads\/2025\/09\/Marcelo-Carrillo-Vicepresidente-de-Novaveritas-Ing.-Gillermo-Gimenez-Ministro-de-Industria-y-Comercio-Lic.-Valeria-Portillo-Gerente-de-Novaveritas-1024x569.png\" alt=\"\" class=\"wp-image-1306\" srcset=\"https:\/\/mundocalidad.com\/wp-content\/uploads\/2025\/09\/Marcelo-Carrillo-Vicepresidente-de-Novaveritas-Ing.-Gillermo-Gimenez-Ministro-de-Industria-y-Comercio-Lic.-Valeria-Portillo-Gerente-de-Novaveritas-1024x569.png 1024w, https:\/\/mundocalidad.com\/wp-content\/uploads\/2025\/09\/Marcelo-Carrillo-Vicepresidente-de-Novaveritas-Ing.-Gillermo-Gimenez-Ministro-de-Industria-y-Comercio-Lic.-Valeria-Portillo-Gerente-de-Novaveritas-300x167.png 300w, https:\/\/mundocalidad.com\/wp-content\/uploads\/2025\/09\/Marcelo-Carrillo-Vicepresidente-de-Novaveritas-Ing.-Gillermo-Gimenez-Ministro-de-Industria-y-Comercio-Lic.-Valeria-Portillo-Gerente-de-Novaveritas-768x427.png 768w, https:\/\/mundocalidad.com\/wp-content\/uploads\/2025\/09\/Marcelo-Carrillo-Vicepresidente-de-Novaveritas-Ing.-Gillermo-Gimenez-Ministro-de-Industria-y-Comercio-Lic.-Valeria-Portillo-Gerente-de-Novaveritas.png 1080w\" sizes=\"auto, (max-width: 1024px) 100vw, 1024px\" \/><\/figure>\n\n\n\n<p>Marcelo Carrillo (Vicepresidente de Novaveritas S.A.) junto al <a href=\"https:\/\/www.mic.gov.py\/\" target=\"_blank\" rel=\"noreferrer noopener\">Ministro de Industria y Comercio<\/a>, Ing. Guillermo Gim\u00e9nez y a la Liceciada Valeria Portillo, Presidente de <a href=\"https:\/\/novaveritas.org\/certificaciones\/\" target=\"_blank\" rel=\"noreferrer noopener\">Novaveritas S.A.<\/a><\/p>\n\n\n\n<figure class=\"wp-block-image size-large\"><img loading=\"lazy\" decoding=\"async\" width=\"1024\" height=\"569\" src=\"https:\/\/mundocalidad.com\/wp-content\/uploads\/2025\/09\/Ing.-Marcelo-Carrillo-junto-a-Natalia-Aguilera-Joana-Pan-1024x569.png\" alt=\"\" class=\"wp-image-1307\" srcset=\"https:\/\/mundocalidad.com\/wp-content\/uploads\/2025\/09\/Ing.-Marcelo-Carrillo-junto-a-Natalia-Aguilera-Joana-Pan-1024x569.png 1024w, https:\/\/mundocalidad.com\/wp-content\/uploads\/2025\/09\/Ing.-Marcelo-Carrillo-junto-a-Natalia-Aguilera-Joana-Pan-300x167.png 300w, https:\/\/mundocalidad.com\/wp-content\/uploads\/2025\/09\/Ing.-Marcelo-Carrillo-junto-a-Natalia-Aguilera-Joana-Pan-768x427.png 768w, https:\/\/mundocalidad.com\/wp-content\/uploads\/2025\/09\/Ing.-Marcelo-Carrillo-junto-a-Natalia-Aguilera-Joana-Pan.png 1080w\" sizes=\"auto, (max-width: 1024px) 100vw, 1024px\" \/><\/figure>\n\n\n\n<p>Marcelo Carrillo junto a <a href=\"https:\/\/www.facebook.com\/JoanaPanPy\/?locale=es_LA\" target=\"_blank\" rel=\"noreferrer noopener\">Natalia Aguilera (Joana Pan)<\/a> y Vicepresidente de Servicios de la C\u00e1mara de Empresarios de Ciudad del Este y Alto Paran\u00e1.<\/p>\n\n\n\n<figure class=\"wp-block-image size-large\"><img loading=\"lazy\" decoding=\"async\" width=\"1024\" height=\"569\" src=\"https:\/\/mundocalidad.com\/wp-content\/uploads\/2025\/09\/Lic-Valeria-Portillo-junto-al-capital-Humano-de-Lelio-Arevalo-Estudio-Aduanero-1024x569.png\" alt=\"\" class=\"wp-image-1308\" srcset=\"https:\/\/mundocalidad.com\/wp-content\/uploads\/2025\/09\/Lic-Valeria-Portillo-junto-al-capital-Humano-de-Lelio-Arevalo-Estudio-Aduanero-1024x569.png 1024w, https:\/\/mundocalidad.com\/wp-content\/uploads\/2025\/09\/Lic-Valeria-Portillo-junto-al-capital-Humano-de-Lelio-Arevalo-Estudio-Aduanero-300x167.png 300w, https:\/\/mundocalidad.com\/wp-content\/uploads\/2025\/09\/Lic-Valeria-Portillo-junto-al-capital-Humano-de-Lelio-Arevalo-Estudio-Aduanero-768x427.png 768w, https:\/\/mundocalidad.com\/wp-content\/uploads\/2025\/09\/Lic-Valeria-Portillo-junto-al-capital-Humano-de-Lelio-Arevalo-Estudio-Aduanero.png 1080w\" sizes=\"auto, (max-width: 1024px) 100vw, 1024px\" \/><\/figure>\n\n\n\n<p>Valeria Portillo con el equipo humano de <a href=\"https:\/\/www.facebook.com\/agencialelio\/?locale=es_LA\" target=\"_blank\" rel=\"noreferrer noopener\">Lelio Ar\u00e9valo, Estudio Aduanero.<\/a><\/p>\n\n\n\n<figure class=\"wp-block-image size-large\"><img loading=\"lazy\" decoding=\"async\" width=\"1024\" height=\"569\" src=\"https:\/\/mundocalidad.com\/wp-content\/uploads\/2025\/09\/Marcelo-Carrillo-de-Noveritas-S.A.-junto-a-Hon.-Linda-Taiyen-Lulo-Vice-Consul-de-Espana-1024x569.png\" alt=\"\" class=\"wp-image-1309\" srcset=\"https:\/\/mundocalidad.com\/wp-content\/uploads\/2025\/09\/Marcelo-Carrillo-de-Noveritas-S.A.-junto-a-Hon.-Linda-Taiyen-Lulo-Vice-Consul-de-Espana-1024x569.png 1024w, https:\/\/mundocalidad.com\/wp-content\/uploads\/2025\/09\/Marcelo-Carrillo-de-Noveritas-S.A.-junto-a-Hon.-Linda-Taiyen-Lulo-Vice-Consul-de-Espana-300x167.png 300w, https:\/\/mundocalidad.com\/wp-content\/uploads\/2025\/09\/Marcelo-Carrillo-de-Noveritas-S.A.-junto-a-Hon.-Linda-Taiyen-Lulo-Vice-Consul-de-Espana-768x427.png 768w, https:\/\/mundocalidad.com\/wp-content\/uploads\/2025\/09\/Marcelo-Carrillo-de-Noveritas-S.A.-junto-a-Hon.-Linda-Taiyen-Lulo-Vice-Consul-de-Espana.png 1080w\" sizes=\"auto, (max-width: 1024px) 100vw, 1024px\" \/><\/figure>\n\n\n\n<p>Marcelo Carrillo de Novaveritas S.A. junto a la <a href=\"https:\/\/www.instagram.com\/lulotaiyen\/?hl=es\" target=\"_blank\" rel=\"noreferrer noopener\">Hon. Linda Taiyen Lulo<\/a>, Vicec\u00f3nsul de Espa\u00f1a.<\/p>\n\n\n\n<figure class=\"wp-block-image size-large\"><a href=\"https:\/\/ddonato.com.py\/\" target=\"_blank\" rel=\" noreferrer noopener\"><img loading=\"lazy\" decoding=\"async\" width=\"1024\" height=\"569\" src=\"https:\/\/mundocalidad.com\/wp-content\/uploads\/2025\/09\/VIctor-Ortega-de-DDonato-Trading-Despachos-Aduaneros-junto-a-Marcelo-Carrillo-de-Novaveritas-S.A-1024x569.png\" alt=\"\" class=\"wp-image-1310\" srcset=\"https:\/\/mundocalidad.com\/wp-content\/uploads\/2025\/09\/VIctor-Ortega-de-DDonato-Trading-Despachos-Aduaneros-junto-a-Marcelo-Carrillo-de-Novaveritas-S.A-1024x569.png 1024w, https:\/\/mundocalidad.com\/wp-content\/uploads\/2025\/09\/VIctor-Ortega-de-DDonato-Trading-Despachos-Aduaneros-junto-a-Marcelo-Carrillo-de-Novaveritas-S.A-300x167.png 300w, https:\/\/mundocalidad.com\/wp-content\/uploads\/2025\/09\/VIctor-Ortega-de-DDonato-Trading-Despachos-Aduaneros-junto-a-Marcelo-Carrillo-de-Novaveritas-S.A-768x427.png 768w, https:\/\/mundocalidad.com\/wp-content\/uploads\/2025\/09\/VIctor-Ortega-de-DDonato-Trading-Despachos-Aduaneros-junto-a-Marcelo-Carrillo-de-Novaveritas-S.A.png 1080w\" sizes=\"auto, (max-width: 1024px) 100vw, 1024px\" \/><\/a><\/figure>\n\n\n\n<p>V\u00edctor Ortega de <a href=\"https:\/\/ddonato.com.py\/\" target=\"_blank\" rel=\"noreferrer noopener\">D\u2019Donato Trading (Despachos Aduaneros)<\/a> junto a Marcelo Carrillo.<\/p>\n\n\n\n<figure class=\"wp-block-image size-large\"><img loading=\"lazy\" decoding=\"async\" width=\"1024\" height=\"569\" src=\"https:\/\/mundocalidad.com\/wp-content\/uploads\/2025\/09\/Ing.-Barbara-da-Pozzo-de-Alqumia-de-CdE-junto-a-Marcelo-Carrillo-de-Novaveritas-1024x569.png\" alt=\"\" class=\"wp-image-1311\" srcset=\"https:\/\/mundocalidad.com\/wp-content\/uploads\/2025\/09\/Ing.-Barbara-da-Pozzo-de-Alqumia-de-CdE-junto-a-Marcelo-Carrillo-de-Novaveritas-1024x569.png 1024w, https:\/\/mundocalidad.com\/wp-content\/uploads\/2025\/09\/Ing.-Barbara-da-Pozzo-de-Alqumia-de-CdE-junto-a-Marcelo-Carrillo-de-Novaveritas-300x167.png 300w, https:\/\/mundocalidad.com\/wp-content\/uploads\/2025\/09\/Ing.-Barbara-da-Pozzo-de-Alqumia-de-CdE-junto-a-Marcelo-Carrillo-de-Novaveritas-768x427.png 768w, https:\/\/mundocalidad.com\/wp-content\/uploads\/2025\/09\/Ing.-Barbara-da-Pozzo-de-Alqumia-de-CdE-junto-a-Marcelo-Carrillo-de-Novaveritas.png 1080w\" sizes=\"auto, (max-width: 1024px) 100vw, 1024px\" \/><\/figure>\n\n\n\n<p>Ing. <a href=\"https:\/\/www.desayunoscompetitivos.com\/1066\/biografia-ponente-barbara-dapozzo.html\" target=\"_blank\" rel=\"noreferrer noopener\">B\u00e1rbara da Pozzo<\/a> de Alquimia junto a Marcelo Carrillo Olivier de Novaveritas S.A.<\/p>\n\n\n\n<figure class=\"wp-block-image size-large\"><img loading=\"lazy\" decoding=\"async\" width=\"1024\" height=\"569\" src=\"https:\/\/mundocalidad.com\/wp-content\/uploads\/2025\/09\/Diego-Velazquez-de-DI-TECH-S.A.-junto-a-Marcelo-Carrillo-de-Novaveritas-S.A-1024x569.png\" alt=\"\" class=\"wp-image-1312\" srcset=\"https:\/\/mundocalidad.com\/wp-content\/uploads\/2025\/09\/Diego-Velazquez-de-DI-TECH-S.A.-junto-a-Marcelo-Carrillo-de-Novaveritas-S.A-1024x569.png 1024w, https:\/\/mundocalidad.com\/wp-content\/uploads\/2025\/09\/Diego-Velazquez-de-DI-TECH-S.A.-junto-a-Marcelo-Carrillo-de-Novaveritas-S.A-300x167.png 300w, https:\/\/mundocalidad.com\/wp-content\/uploads\/2025\/09\/Diego-Velazquez-de-DI-TECH-S.A.-junto-a-Marcelo-Carrillo-de-Novaveritas-S.A-768x427.png 768w, https:\/\/mundocalidad.com\/wp-content\/uploads\/2025\/09\/Diego-Velazquez-de-DI-TECH-S.A.-junto-a-Marcelo-Carrillo-de-Novaveritas-S.A.png 1080w\" sizes=\"auto, (max-width: 1024px) 100vw, 1024px\" \/><\/figure>\n\n\n\n<p>Diego Velazquez de <a href=\"https:\/\/ditech.com.py\/\" target=\"_blank\" rel=\"noreferrer noopener\">Di Tech S.A.<\/a> junta a Marcelo Carrillo Olivier<\/p>\n\n\n\n<figure class=\"wp-block-image size-large\"><img loading=\"lazy\" decoding=\"async\" width=\"1024\" height=\"569\" src=\"https:\/\/mundocalidad.com\/wp-content\/uploads\/2025\/09\/Marcelo-Carrillo-junto-a-los-Senor-y-Senora-Arevalo-de-Despachos-Aduaneros-1024x569.png\" alt=\"\" class=\"wp-image-1313\" srcset=\"https:\/\/mundocalidad.com\/wp-content\/uploads\/2025\/09\/Marcelo-Carrillo-junto-a-los-Senor-y-Senora-Arevalo-de-Despachos-Aduaneros-1024x569.png 1024w, https:\/\/mundocalidad.com\/wp-content\/uploads\/2025\/09\/Marcelo-Carrillo-junto-a-los-Senor-y-Senora-Arevalo-de-Despachos-Aduaneros-300x167.png 300w, https:\/\/mundocalidad.com\/wp-content\/uploads\/2025\/09\/Marcelo-Carrillo-junto-a-los-Senor-y-Senora-Arevalo-de-Despachos-Aduaneros-768x427.png 768w, https:\/\/mundocalidad.com\/wp-content\/uploads\/2025\/09\/Marcelo-Carrillo-junto-a-los-Senor-y-Senora-Arevalo-de-Despachos-Aduaneros.png 1080w\" sizes=\"auto, (max-width: 1024px) 100vw, 1024px\" \/><\/figure>\n\n\n\n<p>Los Sres. Ar\u00e9valo, <a href=\"https:\/\/www.facebook.com\/agencialelio\/?locale=es_LA\" target=\"_blank\" rel=\"noreferrer noopener\">ejecutivos de la agencia de aduanas<\/a> del mismo nombre junto a Marcelo Carrillo.<\/p>\n\n\n\n<figure class=\"wp-block-image size-large\"><img loading=\"lazy\" decoding=\"async\" width=\"1024\" height=\"569\" src=\"https:\/\/mundocalidad.com\/wp-content\/uploads\/2025\/09\/Visita-al-Stand-de-la-Camara-de-Empresarios-de-Ciudad-del-Este-y-Alto-Parana-1024x569.png\" alt=\"\" class=\"wp-image-1314\" srcset=\"https:\/\/mundocalidad.com\/wp-content\/uploads\/2025\/09\/Visita-al-Stand-de-la-Camara-de-Empresarios-de-Ciudad-del-Este-y-Alto-Parana-1024x569.png 1024w, https:\/\/mundocalidad.com\/wp-content\/uploads\/2025\/09\/Visita-al-Stand-de-la-Camara-de-Empresarios-de-Ciudad-del-Este-y-Alto-Parana-300x167.png 300w, https:\/\/mundocalidad.com\/wp-content\/uploads\/2025\/09\/Visita-al-Stand-de-la-Camara-de-Empresarios-de-Ciudad-del-Este-y-Alto-Parana-768x427.png 768w, https:\/\/mundocalidad.com\/wp-content\/uploads\/2025\/09\/Visita-al-Stand-de-la-Camara-de-Empresarios-de-Ciudad-del-Este-y-Alto-Parana.png 1080w\" sizes=\"auto, (max-width: 1024px) 100vw, 1024px\" \/><\/figure>\n\n\n\n<p>Visita al Stand de la C\u00e1mara de Empresarios de Ciudad del Este y Alto Paran\u00e1. Marcelo Carrillo junto a Laura Villalba, <a href=\"https:\/\/camaradeempresarioscde.org.py\/\" target=\"_blank\" rel=\"noreferrer noopener\">Gerente Ejecutiva de la C\u00e1mara de Empresarios de CdE<\/a>.<\/p>\n\n\n\n<figure class=\"wp-block-image size-large\"><img loading=\"lazy\" decoding=\"async\" width=\"1024\" height=\"569\" src=\"https:\/\/mundocalidad.com\/wp-content\/uploads\/2025\/09\/Representante-del-mundo-empresarial-junto-a-Carlos-Jara-Gerente-Hotel-Convair-1024x569.png\" alt=\"\" class=\"wp-image-1315\" srcset=\"https:\/\/mundocalidad.com\/wp-content\/uploads\/2025\/09\/Representante-del-mundo-empresarial-junto-a-Carlos-Jara-Gerente-Hotel-Convair-1024x569.png 1024w, https:\/\/mundocalidad.com\/wp-content\/uploads\/2025\/09\/Representante-del-mundo-empresarial-junto-a-Carlos-Jara-Gerente-Hotel-Convair-300x167.png 300w, https:\/\/mundocalidad.com\/wp-content\/uploads\/2025\/09\/Representante-del-mundo-empresarial-junto-a-Carlos-Jara-Gerente-Hotel-Convair-768x427.png 768w, https:\/\/mundocalidad.com\/wp-content\/uploads\/2025\/09\/Representante-del-mundo-empresarial-junto-a-Carlos-Jara-Gerente-Hotel-Convair.png 1080w\" sizes=\"auto, (max-width: 1024px) 100vw, 1024px\" \/><\/figure>\n\n\n\n<p>Empresarios de Asunci\u00f3n y Ciudad del Este reunidos para compartir experiencias (<a href=\"https:\/\/www.hotelconvair.com\/\" target=\"_blank\" rel=\"noreferrer noopener\">de rojo, el Gerente del Hotel Convair, Gral. (R) Carlos Jara<\/a>)<\/p>\n\n\n\n<p><\/p>\n","protected":false},"excerpt":{"rendered":"<p>Ciudad del Este, Paraguay \u2013 septiembre 2025.En el marco de la primera edici\u00f3n del Paraguay Business Week, representantes<\/p>\n","protected":false},"author":3,"featured_media":1305,"comment_status":"open","ping_status":"open","sticky":false,"template":"","format":"standard","meta":{"footnotes":""},"categories":[9,93],"tags":[520,521,519],"class_list":["post-1301","post","type-post","status-publish","format-standard","has-post-thumbnail","hentry","category-empresas","category-redaccion","tag-eventos","tag-expo-paraguay","tag-rediex"],"_links":{"self":[{"href":"https:\/\/mundocalidad.com\/index.php\/wp-json\/wp\/v2\/posts\/1301","targetHints":{"allow":["GET"]}}],"collection":[{"href":"https:\/\/mundocalidad.com\/index.php\/wp-json\/wp\/v2\/posts"}],"about":[{"href":"https:\/\/mundocalidad.com\/index.php\/wp-json\/wp\/v2\/types\/post"}],"author":[{"embeddable":true,"href":"https:\/\/mundocalidad.com\/index.php\/wp-json\/wp\/v2\/users\/3"}],"replies":[{"embeddable":true,"href":"https:\/\/mundocalidad.com\/index.php\/wp-json\/wp\/v2\/comments?post=1301"}],"version-history":[{"count":4,"href":"https:\/\/mundocalidad.com\/index.php\/wp-json\/wp\/v2\/posts\/1301\/revisions"}],"predecessor-version":[{"id":1322,"href":"https:\/\/mundocalidad.com\/index.php\/wp-json\/wp\/v2\/posts\/1301\/revisions\/1322"}],"wp:featuredmedia":[{"embeddable":true,"href":"https:\/\/mundocalidad.com\/index.php\/wp-json\/wp\/v2\/media\/1305"}],"wp:attachment":[{"href":"https:\/\/mundocalidad.com\/index.php\/wp-json\/wp\/v2\/media?parent=1301"}],"wp:term":[{"taxonomy":"category","embeddable":true,"href":"https:\/\/mundocalidad.com\/index.php\/wp-json\/wp\/v2\/categories?post=1301"},{"taxonomy":"post_tag","embeddable":true,"href":"https:\/\/mundocalidad.com\/index.php\/wp-json\/wp\/v2\/tags?post=1301"}],"curies":[{"name":"wp","href":"https:\/\/api.w.org\/{rel}","templated":true}]}}