{"id":1125,"date":"2025-08-02T12:06:27","date_gmt":"2025-08-02T12:06:27","guid":{"rendered":"https:\/\/mundocalidad.com\/?p=1125"},"modified":"2025-08-02T12:08:01","modified_gmt":"2025-08-02T12:08:01","slug":"iso-50001-gestion-de-la-energia-requisito-6-3-revision-energetica","status":"publish","type":"post","link":"https:\/\/mundocalidad.com\/index.php\/2025\/08\/02\/iso-50001-gestion-de-la-energia-requisito-6-3-revision-energetica\/","title":{"rendered":"ISO 50001|Requisito 6.3  Gesti\u00f3n de la energ\u00eda.  Revisi\u00f3n energ\u00e9tica"},"content":{"rendered":"\n<p>La norma ISO 50001 en su apartado 6.3 requiere que la organizaci\u00f3n <strong>desarrolle y llevar a cabo una revisi\u00f3n energ\u00e9tica estructurada<\/strong>, como parte fundamental de su planificaci\u00f3n dentro del SGEn. El proceso para identificar los aspectos relacionados con la revisi\u00f3n energ\u00e9tica se taxonomizan en cinco fases clave.<\/p>\n\n\n\n<p>a) realizaci\u00f3n de un an\u00e1lisis detallado de como se usa y se consume la energ\u00eda, para ello la organizaci\u00f3n se va a apoyar en mediciones y datos disponibles, es por ello que se debe identificar las fuentes y los tipos de energ\u00eda que se encuentran en uso: el\u00e9ctrica, gas, carbon, solar, etc.<\/p>\n\n\n\n<p>b) Una vez realizado el an\u00e1lisis anterior, se van a identificar los usos significativos de la energ\u00eda (USE), y de este modo se destacar\u00e1n aquellas actividades o equipos o sistemas que son representativos de un impacto significativo.<\/p>\n\n\n\n<p>c) Cuando los USE son identificados se tiene que definir variables que influyen en el desempe\u00f1o energ\u00e9tico de manera significativa; se tiene que evaluar el desempe\u00f1o energ\u00e9tico actual, e identificar las personas de la organizaci\u00f3n que puedan influir o afectar el comportamiento energ\u00e9tico de los USE.<\/p>\n\n\n\n<p>d) El paso siguiente es determinar las prioridades en relaci\u00f3n con las oportunidades de mejora que pudieran optimizar el desempe\u00f1o energ\u00e9tico.<\/p>\n\n\n\n<p>e) Finalmente se tiene que realizar una estimaci\u00f3n sobre como ser\u00e1 el uso y el consumo energ\u00e9tico futuro teniendo en cuenta cualquier cambio, expansi\u00f3n o mejora.<\/p>\n\n\n\n<p>La revisi\u00f3n energ\u00e9tica <strong>tiene que actualizarse de forma peri\u00f3dica<\/strong>, conforme a plazos definidos por la organizaci\u00f3n, y tambi\u00e9n en respuesta a cambios relevantes en instalaciones, equipos, procesos o sistemas que consumen energ\u00eda.<\/p>\n\n\n\n<p><em>Una <strong>revisi\u00f3n energ\u00e9tica estructurada<\/strong> es un an\u00e1lisis sistem\u00e1tico, planificado y documentado que realiza una organizaci\u00f3n para:<\/em><\/p>\n\n\n\n<ul class=\"wp-block-list\">\n<li><em>Comprender c\u00f3mo se usa la energ\u00eda.<\/em><\/li>\n\n\n\n<li><em>Identificar los <strong>Usos Significativos de Energ\u00eda (USE)<\/strong>.<\/em><\/li>\n\n\n\n<li><em>Determinar oportunidades concretas de mejora del desempe\u00f1o energ\u00e9tico.<\/em><\/li>\n\n\n\n<li><em>Establecer una base t\u00e9cnica para definir <strong>objetivos energ\u00e9ticos<\/strong>, <strong>indicadores (EnPIs)<\/strong> y <strong>l\u00edneas base (LBE)<\/strong>.<\/em><\/li>\n<\/ul>\n\n\n\n<h3 class=\"wp-block-heading\"><em>Caracter\u00edsticas de una revisi\u00f3n energ\u00e9tica estructurada:<\/em><\/h3>\n\n\n\n<figure class=\"wp-block-table\"><table class=\"has-fixed-layout\"><tbody><tr><td><em>Elemento<\/em><\/td><td><em>\u00bfQu\u00e9 implica?<\/em><\/td><\/tr><tr><td><strong><em>Sistematizada<\/em><\/strong><\/td><td><em>Sigue una metodolog\u00eda definida paso a paso.<\/em><\/td><\/tr><tr><td><strong><em>Basada en datos<\/em><\/strong><\/td><td><em>Usa registros de consumo reales (facturas, mediciones, sensores, etc.).<\/em><\/td><\/tr><tr><td><strong><em>Enfocada en el desempe\u00f1o energ\u00e9tico<\/em><\/strong><\/td><td><em>Busca identificar d\u00f3nde, c\u00f3mo y cu\u00e1nto se consume energ\u00eda.<\/em><\/td><\/tr><tr><td><strong><em>Orientada a decisiones<\/em><\/strong><\/td><td><em>Proporciona informaci\u00f3n clave para priorizar acciones de mejora.<\/em><\/td><\/tr><tr><td><strong><em>Documentada<\/em><\/strong><\/td><td><em>Registra todos los pasos, an\u00e1lisis y resultados como informaci\u00f3n trazable.<\/em><\/td><\/tr><\/tbody><\/table><\/figure>\n\n\n\n<h3 class=\"wp-block-heading\"><em>EJEMPLO PR\u00c1CTICO: Revisi\u00f3n energ\u00e9tica estructurada en una f\u00e1brica de alimentos<\/em><\/h3>\n\n\n\n<figure class=\"wp-block-image size-full\"><img loading=\"lazy\" decoding=\"async\" width=\"1024\" height=\"576\" src=\"https:\/\/mundocalidad.com\/wp-content\/uploads\/2025\/08\/revision-energetica-frigorifico.png\" alt=\"\" class=\"wp-image-1127\" srcset=\"https:\/\/mundocalidad.com\/wp-content\/uploads\/2025\/08\/revision-energetica-frigorifico.png 1024w, https:\/\/mundocalidad.com\/wp-content\/uploads\/2025\/08\/revision-energetica-frigorifico-300x169.png 300w, https:\/\/mundocalidad.com\/wp-content\/uploads\/2025\/08\/revision-energetica-frigorifico-768x432.png 768w\" sizes=\"auto, (max-width: 1024px) 100vw, 1024px\" \/><\/figure>\n\n\n\n<p><strong><em>Paso 1: Recolecci\u00f3n de datos<\/em><\/strong><\/p>\n\n\n\n<p><em>Facturas de electricidad y gas natural (\u00faltimos 12 meses)<\/em><\/p>\n\n\n\n<p><em>Registros de producci\u00f3n mensual<\/em><\/p>\n\n\n\n<p><em>Planos el\u00e9ctricos del edificio<\/em><\/p>\n\n\n\n<p><em>Listado de equipos energ\u00e9ticos: hornos, compresores, iluminaci\u00f3n, refrigeraci\u00f3n<\/em><\/p>\n\n\n\n<p><strong><em>Paso 2: An\u00e1lisis de consumos<\/em><\/strong><\/p>\n\n\n\n<p><em>Consumo el\u00e9ctrico promedio: 85.000 kWh\/mes<\/em><\/p>\n\n\n\n<p><em>Consumo de gas natural promedio: 1.200 m\u00b3\/mes<\/em><\/p>\n\n\n\n<p><em>Consumo espec\u00edfico por unidad producida: 12 kWh por tonelada<\/em><\/p>\n\n\n\n<p><strong><em>Paso 3: Identificaci\u00f3n de tipos de energ\u00eda<\/em><\/strong><\/p>\n\n\n\n<p><em>Electricidad, gas natural, energ\u00eda solar (paneles fotovoltaicos en oficina)<\/em><\/p>\n\n\n\n<p><strong><em>Paso 4: Identificaci\u00f3n de USE<\/em><\/strong><\/p>\n\n\n\n<figure class=\"wp-block-table\"><table class=\"has-fixed-layout\"><tbody><tr><td><em>\u00c1rea \/ Proceso<\/em><\/td><td><em>% del consumo total<\/em><\/td><td><em>Significativo<\/em><\/td><\/tr><tr><td><strong><em>C\u00e1mara frigor\u00edfica<\/em><\/strong><\/td><td><em>45%<\/em><\/td><td><em>S\u00ed<\/em><\/td><\/tr><tr><td><strong><em>Hornos de cocci\u00f3n<\/em><\/strong><\/td><td><em>30%<\/em><\/td><td><em>S\u00ed<\/em><\/td><\/tr><tr><td><strong><em>Iluminaci\u00f3n oficinas<\/em><\/strong><\/td><td><em>10%<\/em><\/td><td><em>No<\/em><\/td><\/tr><tr><td><strong><em>Aire comprimido<\/em><\/strong><\/td><td><em>15%<\/em><\/td><td><em>S\u00ed<\/em><\/td><\/tr><\/tbody><\/table><\/figure>\n\n\n\n<p><strong><em>Paso 5: An\u00e1lisis de variables y desempe\u00f1o actual (por USE)<\/em><\/strong><\/p>\n\n\n\n<p><em>C\u00e1mara frigor\u00edfica: variaci\u00f3n por temperatura exterior, mal aislamiento.<\/em><\/p>\n\n\n\n<p><em>Hornos: ciclos de producci\u00f3n poco eficientes.<\/em><\/p>\n\n\n\n<p><em>Aire comprimido: fugas detectadas y mal uso.<\/em><\/p>\n\n\n\n<p><strong><em>Paso 6: Identificaci\u00f3n de responsables<\/em><\/strong><\/p>\n\n\n\n<p><em>Jefe de Producci\u00f3n (hornos)<\/em><\/p>\n\n\n\n<p><em>Supervisor de Mantenimiento (aire comprimido)<\/em><\/p>\n\n\n\n<p><em>Responsable de log\u00edstica (c\u00e1mara frigor\u00edfica)<\/em><\/p>\n\n\n\n<p><strong><em>Paso 7: Oportunidades de mejora<\/em><\/strong><\/p>\n\n\n\n<p><em>Instalar sensores de temperatura y automatizar el encendido de compresores.<\/em><\/p>\n\n\n\n<p><em>Mejorar aislamiento t\u00e9rmico de c\u00e1maras.<\/em><\/p>\n\n\n\n<p><em>Detectar y reparar fugas de aire comprimido.<\/em><\/p>\n\n\n\n<p><strong><em>Paso 8: Estimaci\u00f3n de consumo futuro<\/em><\/strong><\/p>\n\n\n\n<p><em>Se estima una reducci\u00f3n del 10% en energ\u00eda el\u00e9ctrica si se implementan las acciones propuestas.<\/em><\/p>\n\n\n\n<p>En la norma ISO 50001 el requisito 6.3  Gesti\u00f3n de la energ\u00eda.  Revisi\u00f3n energ\u00e9tica es una herramienta fundamental en la mejora del desempe\u00f1o energ\u00e9tico en las organizaci\u00f3n.<\/p>\n","protected":false},"excerpt":{"rendered":"<p>La norma ISO 50001 en su apartado 6.3 requiere que la organizaci\u00f3n desarrolle y llevar a cabo una<\/p>\n","protected":false},"author":3,"featured_media":1126,"comment_status":"open","ping_status":"open","sticky":false,"template":"","format":"standard","meta":{"footnotes":""},"categories":[427,5,2,26],"tags":[429,153,430],"class_list":["post-1125","post","type-post","status-publish","format-standard","has-post-thumbnail","hentry","category-energia","category-medio-ambiente","category-normas-iso","category-sostenibilidad","tag-gestion-de-la-energia","tag-iso-50001","tag-use"],"_links":{"self":[{"href":"https:\/\/mundocalidad.com\/index.php\/wp-json\/wp\/v2\/posts\/1125","targetHints":{"allow":["GET"]}}],"collection":[{"href":"https:\/\/mundocalidad.com\/index.php\/wp-json\/wp\/v2\/posts"}],"about":[{"href":"https:\/\/mundocalidad.com\/index.php\/wp-json\/wp\/v2\/types\/post"}],"author":[{"embeddable":true,"href":"https:\/\/mundocalidad.com\/index.php\/wp-json\/wp\/v2\/users\/3"}],"replies":[{"embeddable":true,"href":"https:\/\/mundocalidad.com\/index.php\/wp-json\/wp\/v2\/comments?post=1125"}],"version-history":[{"count":2,"href":"https:\/\/mundocalidad.com\/index.php\/wp-json\/wp\/v2\/posts\/1125\/revisions"}],"predecessor-version":[{"id":1130,"href":"https:\/\/mundocalidad.com\/index.php\/wp-json\/wp\/v2\/posts\/1125\/revisions\/1130"}],"wp:featuredmedia":[{"embeddable":true,"href":"https:\/\/mundocalidad.com\/index.php\/wp-json\/wp\/v2\/media\/1126"}],"wp:attachment":[{"href":"https:\/\/mundocalidad.com\/index.php\/wp-json\/wp\/v2\/media?parent=1125"}],"wp:term":[{"taxonomy":"category","embeddable":true,"href":"https:\/\/mundocalidad.com\/index.php\/wp-json\/wp\/v2\/categories?post=1125"},{"taxonomy":"post_tag","embeddable":true,"href":"https:\/\/mundocalidad.com\/index.php\/wp-json\/wp\/v2\/tags?post=1125"}],"curies":[{"name":"wp","href":"https:\/\/api.w.org\/{rel}","templated":true}]}}